{"id":9969,"date":"2013-06-28T00:14:40","date_gmt":"2013-06-28T00:14:40","guid":{"rendered":"http:\/\/diadianoticias.com.br\/?p=9969"},"modified":"2013-06-28T00:14:40","modified_gmt":"2013-06-28T00:14:40","slug":"incendio-destroi-residencia-na-vila-operaria","status":"publish","type":"post","link":"https:\/\/diadianoticias.com.br\/?p=9969","title":{"rendered":"Inc\u00eandio destr\u00f3i resid\u00eancia na Vila Oper\u00e1ria"},"content":{"rendered":"<figure id=\"attachment_9975\" aria-describedby=\"caption-attachment-9975\" style=\"width: 300px\" class=\"wp-caption alignleft\"><a href=\"http:\/\/diadianoticias.com.br\/wp-content\/uploads\/2013\/06\/g_incendio-4.jpg\"><img loading=\"lazy\" decoding=\"async\" class=\"size-medium wp-image-9975\" title=\"g_incendio-4\" src=\"http:\/\/diadianoticias.com.br\/wp-content\/uploads\/2013\/06\/g_incendio-4-300x231.jpg\" alt=\"\" width=\"300\" height=\"231\" srcset=\"https:\/\/diadianoticias.com.br\/wp-content\/uploads\/2013\/06\/g_incendio-4-300x231.jpg 300w, https:\/\/diadianoticias.com.br\/wp-content\/uploads\/2013\/06\/g_incendio-4.jpg 490w\" sizes=\"auto, (max-width: 300px) 100vw, 300px\" \/><\/a><figcaption id=\"caption-attachment-9975\" class=\"wp-caption-text\">Fotos: Jo\u00e3o Paulo Santos<\/figcaption><\/figure>\n<p style=\"text-align: justify;\">Uma casa de madeira na Vila Oper\u00e1ria, em Maring\u00e1, foi parcialmente destru\u00edda por um inc\u00eandio na tarde desta quinta-feira (27). Cerca de 40% do im\u00f3vel localizado na Avenida Riachuelo foi consumido pelas chamas, que tamb\u00e9m destru\u00edram m\u00f3veis, eletrodom\u00e9sticos, roupas e objetos pessoais.<\/p>\n<p style=\"text-align: justify;\">Nenhum dos moradores estava em casa no momento em que o fogo come\u00e7ou, por volta das 16h20. Foram os vizinhos quem acionaram o Corpo de Bombeiros e avisaram a sogra da moradora, dona Lourdes Pereira, 64 anos, que trabalha em um sal\u00e3o de beleza distante 50 metros da resid\u00eancia.<\/p>\n<figure id=\"attachment_9974\" aria-describedby=\"caption-attachment-9974\" style=\"width: 300px\" class=\"wp-caption alignright\"><a href=\"http:\/\/diadianoticias.com.br\/wp-content\/uploads\/2013\/06\/g_incendio-2.jpg\"><img loading=\"lazy\" decoding=\"async\" class=\"size-medium wp-image-9974\" title=\"g_incendio-2\" src=\"http:\/\/diadianoticias.com.br\/wp-content\/uploads\/2013\/06\/g_incendio-2-300x199.jpg\" alt=\"\" width=\"300\" height=\"199\" srcset=\"https:\/\/diadianoticias.com.br\/wp-content\/uploads\/2013\/06\/g_incendio-2-300x199.jpg 300w, https:\/\/diadianoticias.com.br\/wp-content\/uploads\/2013\/06\/g_incendio-2.jpg 490w\" sizes=\"auto, (max-width: 300px) 100vw, 300px\" \/><\/a><figcaption id=\"caption-attachment-9974\" class=\"wp-caption-text\">Fotos: Jo\u00e3o Paulo Santos<\/figcaption><\/figure>\n<p style=\"text-align: justify;\">Assim que soube do sinistro, a servente de pedreiro, Solange Brito, 34 anos, correu para casa para acompanhar o trabalho dos bombeiros. O marido dela, o\u00a0eletricista\u00a0Adriano Pereira Silva, 37 anos, tamb\u00e9m estava trabalhando quando foi informado do inc\u00eandio. A filha do casal, de nove anos, estava na escola.<\/p>\n<p style=\"text-align: justify;\">Duas equipes do Corpo de Bombeiros foram acionadas para atender a ocorr\u00eancia. Os bombeiros levaram cerca de 15 minutos para apagar as chamas.<\/p>\n<p style=\"text-align: justify;\">A suspeita \u00e9 que o inc\u00eandio, que come\u00e7ou no quarto do casal, foi provocado por um curto circuito, embora, segundo dona Lourdes, a fia\u00e7\u00e3o tenha sido trocada h\u00e1 alguns anos por Silva. O propriet\u00e1rio do im\u00f3vel \u00e9 oi pai eletricista, Pedro Pereira da Silva, que herdou a casa h\u00e1 40 anos.<\/p>\n<p style=\"text-align: justify;\"><em>(O Di\u00e1rio \/ Ros\u00e2ngela Gris)<\/em><\/p>\n<p style=\"text-align: justify;\">\n<p style=\"text-align: justify;\"><a href=\"http:\/\/diadianoticias.com.br\/wp-content\/uploads\/2013\/06\/g_incendio-1.jpg\"><img loading=\"lazy\" decoding=\"async\" class=\"alignleft size-thumbnail wp-image-9973\" title=\"g_incendio-1\" src=\"http:\/\/diadianoticias.com.br\/wp-content\/uploads\/2013\/06\/g_incendio-1-150x150.jpg\" alt=\"\" width=\"150\" height=\"150\" \/><\/a><a href=\"http:\/\/diadianoticias.com.br\/wp-content\/uploads\/2013\/06\/g_incendio-3.jpg\"><img loading=\"lazy\" decoding=\"async\" class=\"alignleft size-thumbnail wp-image-9972\" title=\"g_incendio-3\" src=\"http:\/\/diadianoticias.com.br\/wp-content\/uploads\/2013\/06\/g_incendio-3-150x150.jpg\" alt=\"\" width=\"150\" height=\"150\" \/><\/a><\/p>\n","protected":false},"excerpt":{"rendered":"<div class=\"mh-excerpt\"><p>Uma casa de madeira na Vila Oper\u00e1ria, em Maring\u00e1, foi parcialmente destru\u00edda por um inc\u00eandio na tarde desta quinta-feira (27). Cerca de 40% do im\u00f3vel localizado na Avenida Riachuelo foi consumido pelas chamas, que tamb\u00e9m <a class=\"mh-excerpt-more\" href=\"https:\/\/diadianoticias.com.br\/?p=9969\" title=\"Inc\u00eandio destr\u00f3i resid\u00eancia na Vila Oper\u00e1ria\">[&#8230;]<\/a><\/p>\n<\/div>","protected":false},"author":4,"featured_media":9975,"comment_status":"open","ping_status":"open","sticky":false,"template":"","format":"standard","meta":{"footnotes":""},"categories":[8],"tags":[],"class_list":{"0":"post-9969","1":"post","2":"type-post","3":"status-publish","4":"format-standard","5":"has-post-thumbnail","7":"category-regionais"},"_links":{"self":[{"href":"https:\/\/diadianoticias.com.br\/index.php?rest_route=\/wp\/v2\/posts\/9969","targetHints":{"allow":["GET"]}}],"collection":[{"href":"https:\/\/diadianoticias.com.br\/index.php?rest_route=\/wp\/v2\/posts"}],"about":[{"href":"https:\/\/diadianoticias.com.br\/index.php?rest_route=\/wp\/v2\/types\/post"}],"author":[{"embeddable":true,"href":"https:\/\/diadianoticias.com.br\/index.php?rest_route=\/wp\/v2\/users\/4"}],"replies":[{"embeddable":true,"href":"https:\/\/diadianoticias.com.br\/index.php?rest_route=%2Fwp%2Fv2%2Fcomments&post=9969"}],"version-history":[{"count":2,"href":"https:\/\/diadianoticias.com.br\/index.php?rest_route=\/wp\/v2\/posts\/9969\/revisions"}],"predecessor-version":[{"id":9977,"href":"https:\/\/diadianoticias.com.br\/index.php?rest_route=\/wp\/v2\/posts\/9969\/revisions\/9977"}],"wp:featuredmedia":[{"embeddable":true,"href":"https:\/\/diadianoticias.com.br\/index.php?rest_route=\/wp\/v2\/media\/9975"}],"wp:attachment":[{"href":"https:\/\/diadianoticias.com.br\/index.php?rest_route=%2Fwp%2Fv2%2Fmedia&parent=9969"}],"wp:term":[{"taxonomy":"category","embeddable":true,"href":"https:\/\/diadianoticias.com.br\/index.php?rest_route=%2Fwp%2Fv2%2Fcategories&post=9969"},{"taxonomy":"post_tag","embeddable":true,"href":"https:\/\/diadianoticias.com.br\/index.php?rest_route=%2Fwp%2Fv2%2Ftags&post=9969"}],"curies":[{"name":"wp","href":"https:\/\/api.w.org\/{rel}","templated":true}]}}