{"id":9955,"date":"2013-06-25T16:33:54","date_gmt":"2013-06-25T16:33:54","guid":{"rendered":"http:\/\/diadianoticias.com.br\/?p=9955"},"modified":"2013-06-25T16:33:54","modified_gmt":"2013-06-25T16:33:54","slug":"alagamento-interdita-pr-650-de-sao-joao-do-ivai-a-godoy-moreira","status":"publish","type":"post","link":"https:\/\/diadianoticias.com.br\/?p=9955","title":{"rendered":"Alagamento interdita PR-650 de S\u00e3o Jo\u00e3o do Iva\u00ed a Godoy Moreira"},"content":{"rendered":"<p style=\"text-align: justify;\"><a href=\"http:\/\/diadianoticias.com.br\/wp-content\/uploads\/2013\/06\/g_pr-650-km-07.jpg\"><img loading=\"lazy\" decoding=\"async\" class=\"alignleft size-medium wp-image-9956\" title=\"g_pr-650-km-07\" src=\"http:\/\/diadianoticias.com.br\/wp-content\/uploads\/2013\/06\/g_pr-650-km-07-300x224.jpg\" alt=\"\" width=\"300\" height=\"224\" srcset=\"https:\/\/diadianoticias.com.br\/wp-content\/uploads\/2013\/06\/g_pr-650-km-07-300x224.jpg 300w, https:\/\/diadianoticias.com.br\/wp-content\/uploads\/2013\/06\/g_pr-650-km-07.jpg 448w\" sizes=\"auto, (max-width: 300px) 100vw, 300px\" \/><\/a>A rodovia PR-650 est\u00e1 interditada nesta ter\u00e7a-feira (25), na altura do km 7, que liga S\u00e3o Jo\u00e3o do Iva\u00ed a Godoy Moreira.<\/p>\n<p style=\"text-align: justify;\">De acordo com a Pol\u00edcia Rodovi\u00e1ria Estadual (PRE), por volta das 11h, havia pontos de alagamento que impedem o acesso de ve\u00edculos na rodovia.<\/p>\n<p><em>(O Di\u00e1rio \/ Larissa Ayumi Sato)<strong><\/strong><\/em><\/p>\n","protected":false},"excerpt":{"rendered":"<div class=\"mh-excerpt\"><p>A rodovia PR-650 est\u00e1 interditada nesta ter\u00e7a-feira (25), na altura do km 7, que liga S\u00e3o Jo\u00e3o do Iva\u00ed a Godoy Moreira. De acordo com a Pol\u00edcia Rodovi\u00e1ria Estadual (PRE), por volta das 11h, havia <a class=\"mh-excerpt-more\" href=\"https:\/\/diadianoticias.com.br\/?p=9955\" title=\"Alagamento interdita PR-650 de S\u00e3o Jo\u00e3o do Iva\u00ed a Godoy Moreira\">[&#8230;]<\/a><\/p>\n<\/div>","protected":false},"author":4,"featured_media":9956,"comment_status":"open","ping_status":"open","sticky":false,"template":"","format":"standard","meta":{"footnotes":""},"categories":[12],"tags":[],"class_list":{"0":"post-9955","1":"post","2":"type-post","3":"status-publish","4":"format-standard","5":"has-post-thumbnail","7":"category-cidade"},"_links":{"self":[{"href":"https:\/\/diadianoticias.com.br\/index.php?rest_route=\/wp\/v2\/posts\/9955","targetHints":{"allow":["GET"]}}],"collection":[{"href":"https:\/\/diadianoticias.com.br\/index.php?rest_route=\/wp\/v2\/posts"}],"about":[{"href":"https:\/\/diadianoticias.com.br\/index.php?rest_route=\/wp\/v2\/types\/post"}],"author":[{"embeddable":true,"href":"https:\/\/diadianoticias.com.br\/index.php?rest_route=\/wp\/v2\/users\/4"}],"replies":[{"embeddable":true,"href":"https:\/\/diadianoticias.com.br\/index.php?rest_route=%2Fwp%2Fv2%2Fcomments&post=9955"}],"version-history":[{"count":2,"href":"https:\/\/diadianoticias.com.br\/index.php?rest_route=\/wp\/v2\/posts\/9955\/revisions"}],"predecessor-version":[{"id":9958,"href":"https:\/\/diadianoticias.com.br\/index.php?rest_route=\/wp\/v2\/posts\/9955\/revisions\/9958"}],"wp:featuredmedia":[{"embeddable":true,"href":"https:\/\/diadianoticias.com.br\/index.php?rest_route=\/wp\/v2\/media\/9956"}],"wp:attachment":[{"href":"https:\/\/diadianoticias.com.br\/index.php?rest_route=%2Fwp%2Fv2%2Fmedia&parent=9955"}],"wp:term":[{"taxonomy":"category","embeddable":true,"href":"https:\/\/diadianoticias.com.br\/index.php?rest_route=%2Fwp%2Fv2%2Fcategories&post=9955"},{"taxonomy":"post_tag","embeddable":true,"href":"https:\/\/diadianoticias.com.br\/index.php?rest_route=%2Fwp%2Fv2%2Ftags&post=9955"}],"curies":[{"name":"wp","href":"https:\/\/api.w.org\/{rel}","templated":true}]}}