{"id":9936,"date":"2013-06-25T10:51:43","date_gmt":"2013-06-25T10:51:43","guid":{"rendered":"http:\/\/diadianoticias.com.br\/?p=9936"},"modified":"2013-06-25T10:51:43","modified_gmt":"2013-06-25T10:51:43","slug":"jovem-tem-ferimentos-graves-em-acidente-na-pr-180","status":"publish","type":"post","link":"https:\/\/diadianoticias.com.br\/?p=9936","title":{"rendered":"Jovem tem ferimentos graves em acidente na PR-180"},"content":{"rendered":"<p style=\"text-align: justify;\"><a href=\"http:\/\/diadianoticias.com.br\/wp-content\/uploads\/2013\/06\/1372129714.jpg\"><img loading=\"lazy\" decoding=\"async\" class=\"alignleft size-medium wp-image-9938\" title=\"1372129714\" src=\"http:\/\/diadianoticias.com.br\/wp-content\/uploads\/2013\/06\/1372129714-300x225.jpg\" alt=\"\" width=\"300\" height=\"225\" srcset=\"https:\/\/diadianoticias.com.br\/wp-content\/uploads\/2013\/06\/1372129714-300x225.jpg 300w, https:\/\/diadianoticias.com.br\/wp-content\/uploads\/2013\/06\/1372129714.jpg 640w\" sizes=\"auto, (max-width: 300px) 100vw, 300px\" \/><\/a>Um grave acidente foi registrado por volta das 19 horas de segunda-feira, 24, na rodovia PR-180, envolvendo um ve\u00edculo Fiat Uno placas AOP-4251, de Campo Mour\u00e3o, conduzido por Renato Franeiro Zanoni, 20, se chocou contra o rodado de um caminh\u00e3o, e rodopiou na pista, saindo pela direita.<\/p>\n<p style=\"text-align: justify;\">Segundo informa\u00e7\u00f5es do motorista do caminh\u00e3o, que trafegava sentido a Quarto Centen\u00e1rio, o Fiat Uno trafegava sentido a Goioer\u00ea quando de repente veio para cima do caminh\u00e3o, batendo no rodado e saindo da pista. Acredita que possa ter havido uma aquaplanagem, pois chovia muito no momento do acidente.<\/p>\n<p style=\"text-align: justify;\">O condutor do Uno, Renato Franeiro Zanoni teve ferimentos considerados graves, mas sem <a href=\"http:\/\/diadianoticias.com.br\/wp-content\/uploads\/2013\/06\/UNO2.jpg\"><img loading=\"lazy\" decoding=\"async\" class=\"alignright size-medium wp-image-9937\" title=\"UNO2\" src=\"http:\/\/diadianoticias.com.br\/wp-content\/uploads\/2013\/06\/UNO2-300x225.jpg\" alt=\"\" width=\"300\" height=\"225\" srcset=\"https:\/\/diadianoticias.com.br\/wp-content\/uploads\/2013\/06\/UNO2-300x225.jpg 300w, https:\/\/diadianoticias.com.br\/wp-content\/uploads\/2013\/06\/UNO2.jpg 640w\" sizes=\"auto, (max-width: 300px) 100vw, 300px\" \/><\/a>risco \u00e0 vida e foi encaminhado inicialmente para o Pronto Socorro Municipal, com suspeita de fratura em uma das pernas.<\/p>\n<p><em>(Goionews)<\/em><\/p>\n","protected":false},"excerpt":{"rendered":"<div class=\"mh-excerpt\"><p>Um grave acidente foi registrado por volta das 19 horas de segunda-feira, 24, na rodovia PR-180, envolvendo um ve\u00edculo Fiat Uno placas AOP-4251, de Campo Mour\u00e3o, conduzido por Renato Franeiro Zanoni, 20, se chocou contra <a class=\"mh-excerpt-more\" href=\"https:\/\/diadianoticias.com.br\/?p=9936\" title=\"Jovem tem ferimentos graves em acidente na PR-180\">[&#8230;]<\/a><\/p>\n<\/div>","protected":false},"author":4,"featured_media":9938,"comment_status":"open","ping_status":"open","sticky":false,"template":"","format":"standard","meta":{"footnotes":""},"categories":[14],"tags":[],"class_list":{"0":"post-9936","1":"post","2":"type-post","3":"status-publish","4":"format-standard","5":"has-post-thumbnail","7":"category-paran"},"_links":{"self":[{"href":"https:\/\/diadianoticias.com.br\/index.php?rest_route=\/wp\/v2\/posts\/9936","targetHints":{"allow":["GET"]}}],"collection":[{"href":"https:\/\/diadianoticias.com.br\/index.php?rest_route=\/wp\/v2\/posts"}],"about":[{"href":"https:\/\/diadianoticias.com.br\/index.php?rest_route=\/wp\/v2\/types\/post"}],"author":[{"embeddable":true,"href":"https:\/\/diadianoticias.com.br\/index.php?rest_route=\/wp\/v2\/users\/4"}],"replies":[{"embeddable":true,"href":"https:\/\/diadianoticias.com.br\/index.php?rest_route=%2Fwp%2Fv2%2Fcomments&post=9936"}],"version-history":[{"count":2,"href":"https:\/\/diadianoticias.com.br\/index.php?rest_route=\/wp\/v2\/posts\/9936\/revisions"}],"predecessor-version":[{"id":9940,"href":"https:\/\/diadianoticias.com.br\/index.php?rest_route=\/wp\/v2\/posts\/9936\/revisions\/9940"}],"wp:featuredmedia":[{"embeddable":true,"href":"https:\/\/diadianoticias.com.br\/index.php?rest_route=\/wp\/v2\/media\/9938"}],"wp:attachment":[{"href":"https:\/\/diadianoticias.com.br\/index.php?rest_route=%2Fwp%2Fv2%2Fmedia&parent=9936"}],"wp:term":[{"taxonomy":"category","embeddable":true,"href":"https:\/\/diadianoticias.com.br\/index.php?rest_route=%2Fwp%2Fv2%2Fcategories&post=9936"},{"taxonomy":"post_tag","embeddable":true,"href":"https:\/\/diadianoticias.com.br\/index.php?rest_route=%2Fwp%2Fv2%2Ftags&post=9936"}],"curies":[{"name":"wp","href":"https:\/\/api.w.org\/{rel}","templated":true}]}}