{"id":9862,"date":"2013-06-21T10:52:35","date_gmt":"2013-06-21T10:52:35","guid":{"rendered":"http:\/\/diadianoticias.com.br\/?p=9862"},"modified":"2013-06-21T10:52:35","modified_gmt":"2013-06-21T10:52:35","slug":"conferencia-debate-sobre-sistema-unico-de-assistencia-social","status":"publish","type":"post","link":"https:\/\/diadianoticias.com.br\/?p=9862","title":{"rendered":"Confer\u00eancia debate sobre Sistema \u00danico de Assist\u00eancia Social"},"content":{"rendered":"<p style=\"text-align: justify;\"><a href=\"http:\/\/diadianoticias.com.br\/wp-content\/uploads\/2013\/06\/IMG_3106.jpg\"><img loading=\"lazy\" decoding=\"async\" class=\"alignleft size-medium wp-image-9863\" title=\"IMG_3106\" src=\"http:\/\/diadianoticias.com.br\/wp-content\/uploads\/2013\/06\/IMG_3106-300x199.jpg\" alt=\"\" width=\"300\" height=\"199\" srcset=\"https:\/\/diadianoticias.com.br\/wp-content\/uploads\/2013\/06\/IMG_3106-300x199.jpg 300w, https:\/\/diadianoticias.com.br\/wp-content\/uploads\/2013\/06\/IMG_3106.jpg 800w\" sizes=\"auto, (max-width: 300px) 100vw, 300px\" \/><\/a>O Conselho Municipal de Assist\u00eancia Social realizou, nesta quinta-feira (20), a sua X Confer\u00eancia, que neste ano tem como tema \u201cA Gest\u00e3o e o Financiamento na efetiva\u00e7\u00e3o do SUAS\u201d.<\/p>\n<p style=\"text-align: justify;\">Durante a solenidade de abertura, o secret\u00e1rio de Integra\u00e7\u00e3o Governamental, Cl\u00f3vis Bongiorno, representando o prefeito Bongiorno, comentou sobre os trabalhos sociais desenvolvidos no munic\u00edpio. \u201cTemos uma grande rede trabalhando a favor daqueles menos favorecidos. A ideia \u00e9 melhorar a qualidade de vida dessas pessoas e oferecer condi\u00e7\u00f5es para que superem a situa\u00e7\u00e3o de vulnerabilidade\u201d, afirmou.<\/p>\n<p style=\"text-align: justify;\">A chefe do escrit\u00f3rio regional da Secretaria de Estado da Fam\u00edlia e Desenvolvimento Social (SEDS), Luc\u00e9lia Guimar\u00e3es Gelfei, parabenizou o conselho e a Secretaria de Bem Estar Social pelo trabalho. \u201c\u00c9 muito importante debater sobre a execu\u00e7\u00e3o e o financiamento da Pol\u00edtica Nacional de Assist\u00eancia Social, envolvendo diretamente o governo, entidades e pessoas ligadas \u00e0 rede\u201d, defendeu.<\/p>\n<p style=\"text-align: justify;\">A presidente do Conselho Municipal de Assist\u00eancia Social, Daniele Resina Ferreira, disse <a href=\"http:\/\/diadianoticias.com.br\/wp-content\/uploads\/2013\/06\/IMG_3116.jpg\"><img loading=\"lazy\" decoding=\"async\" class=\"alignright size-medium wp-image-9864\" title=\"IMG_3116\" src=\"http:\/\/diadianoticias.com.br\/wp-content\/uploads\/2013\/06\/IMG_3116-300x199.jpg\" alt=\"\" width=\"300\" height=\"199\" srcset=\"https:\/\/diadianoticias.com.br\/wp-content\/uploads\/2013\/06\/IMG_3116-300x199.jpg 300w, https:\/\/diadianoticias.com.br\/wp-content\/uploads\/2013\/06\/IMG_3116.jpg 800w\" sizes=\"auto, (max-width: 300px) 100vw, 300px\" \/><\/a>que \u201ca confer\u00eancia \u00e9 um importante instrumento de avalia\u00e7\u00e3o e de formula\u00e7\u00e3o de propostas para avan\u00e7os na pol\u00edtica p\u00fablica de assist\u00eancia social. Al\u00e9m disso, reflete na consolida\u00e7\u00e3o da democracia em nosso pa\u00eds, uma vez que prev\u00ea efetiva participa\u00e7\u00e3o de toda a popula\u00e7\u00e3o\u201d.<\/p>\n<p style=\"text-align: justify;\">J\u00e1 a secret\u00e1ria municipal de Bem Estar Social, Claudia Veloso Marchini, enalteceu que \u201ctodo o trabalho desenvolvido na \u00e1rea de assist\u00eancia social do munic\u00edpio vem sendo feito em rede, isto \u00e9, com a participa\u00e7\u00e3o de diferentes setores. Isto representa um avan\u00e7o muito grande, no sentido de garantir mais qualidade aos servi\u00e7os prestados\u201d.<\/p>\n<p style=\"text-align: justify;\">No per\u00edodo da manh\u00e3, os participantes prestigiaram uma palestra com Elenice Malzoni, coordenadora do SUAS (Sistema \u00danico da Assist\u00eancia Social) na SEDS. No per\u00edodo da tarde, os trabalhos foram divididos em seis tem\u00e1ticas: <strong>Eixo 1<\/strong>: O Cofinanciamento Obrigat\u00f3rio da Assist\u00eancia Social; <strong>Eixo 2<\/strong>: Gest\u00e3o do Suas: Vigil\u00e2ncia Socioassistencial, Processos de Planejamento,Monitoramento e Avalia\u00e7\u00e3o; <strong>Eixo 3<\/strong>: Gest\u00e3o do Trabalho; <strong>Eixo 4<\/strong>: Gest\u00e3o dos Servi\u00e7os, Programas e Projetos; <strong>Eixo 5<\/strong>: Gest\u00e3o dos Benef\u00edcios no Suas e <strong>Eixo 6<\/strong>: Regionaliza\u00e7\u00e3o. Ap\u00f3s a apresenta\u00e7\u00e3o das propostas e aprova\u00e7\u00e3o das mesmas, foram eleitos os delegados que representar\u00e3o Cianorte na Confer\u00eancia Regional.<\/p>\n<p style=\"text-align: justify;\">Tamb\u00e9m participaram do evento presidentes e representantes de entidades assistenciais, conselheiros tutelares, secret\u00e1rios e chefes de divis\u00f5es municipais, professores e assistentes sociais.<\/p>\n","protected":false},"excerpt":{"rendered":"<div class=\"mh-excerpt\"><p>O Conselho Municipal de Assist\u00eancia Social realizou, nesta quinta-feira (20), a sua X Confer\u00eancia, que neste ano tem como tema \u201cA Gest\u00e3o e o Financiamento na efetiva\u00e7\u00e3o do SUAS\u201d. Durante a solenidade de abertura, o <a class=\"mh-excerpt-more\" href=\"https:\/\/diadianoticias.com.br\/?p=9862\" title=\"Confer\u00eancia debate sobre Sistema \u00danico de Assist\u00eancia Social\">[&#8230;]<\/a><\/p>\n<\/div>","protected":false},"author":4,"featured_media":9863,"comment_status":"open","ping_status":"open","sticky":false,"template":"","format":"standard","meta":{"footnotes":""},"categories":[12],"tags":[],"class_list":{"0":"post-9862","1":"post","2":"type-post","3":"status-publish","4":"format-standard","5":"has-post-thumbnail","7":"category-cidade"},"_links":{"self":[{"href":"https:\/\/diadianoticias.com.br\/index.php?rest_route=\/wp\/v2\/posts\/9862","targetHints":{"allow":["GET"]}}],"collection":[{"href":"https:\/\/diadianoticias.com.br\/index.php?rest_route=\/wp\/v2\/posts"}],"about":[{"href":"https:\/\/diadianoticias.com.br\/index.php?rest_route=\/wp\/v2\/types\/post"}],"author":[{"embeddable":true,"href":"https:\/\/diadianoticias.com.br\/index.php?rest_route=\/wp\/v2\/users\/4"}],"replies":[{"embeddable":true,"href":"https:\/\/diadianoticias.com.br\/index.php?rest_route=%2Fwp%2Fv2%2Fcomments&post=9862"}],"version-history":[{"count":1,"href":"https:\/\/diadianoticias.com.br\/index.php?rest_route=\/wp\/v2\/posts\/9862\/revisions"}],"predecessor-version":[{"id":9865,"href":"https:\/\/diadianoticias.com.br\/index.php?rest_route=\/wp\/v2\/posts\/9862\/revisions\/9865"}],"wp:featuredmedia":[{"embeddable":true,"href":"https:\/\/diadianoticias.com.br\/index.php?rest_route=\/wp\/v2\/media\/9863"}],"wp:attachment":[{"href":"https:\/\/diadianoticias.com.br\/index.php?rest_route=%2Fwp%2Fv2%2Fmedia&parent=9862"}],"wp:term":[{"taxonomy":"category","embeddable":true,"href":"https:\/\/diadianoticias.com.br\/index.php?rest_route=%2Fwp%2Fv2%2Fcategories&post=9862"},{"taxonomy":"post_tag","embeddable":true,"href":"https:\/\/diadianoticias.com.br\/index.php?rest_route=%2Fwp%2Fv2%2Ftags&post=9862"}],"curies":[{"name":"wp","href":"https:\/\/api.w.org\/{rel}","templated":true}]}}