{"id":52513,"date":"2025-09-02T12:54:50","date_gmt":"2025-09-02T12:54:50","guid":{"rendered":"https:\/\/diadianoticias.com.br\/?p=52513"},"modified":"2025-09-02T12:54:51","modified_gmt":"2025-09-02T12:54:51","slug":"tragedia-cadeirante-nao-consegue-sair-a-tempo-e-morre-carbonizado-em-incendio-em-residencia","status":"publish","type":"post","link":"https:\/\/diadianoticias.com.br\/?p=52513","title":{"rendered":"TRAG\u00c9DIA: Cadeirante n\u00e3o consegue sair a tempo, e morre carbonizado, em inc\u00eandio em resid\u00eancia"},"content":{"rendered":"\n<p>Um morador de uma resid\u00eancia, que seria cadeirante, lamentavelmente, morreu carbonizado, durante um inc\u00eandio que atingiu sua resid\u00eancia. A trag\u00e9dia ocorreu na madrugada desta ter\u00e7a-feira (2), por volta das 5h30, no cruzamento das ruas Rio Grande do Norte e Guapor\u00e9, na \u00e1rea central de Colorado-PR.<\/p>\n\n\n\n<p>Segundo as informa\u00e7\u00f5es, a v\u00edtima n\u00e3o conseguiu deixar a casa, devido \u00e0 sua defici\u00eancia f\u00edsica, pois utilizava uma cadeira de rodas. Equipes da Defesa Civil e do Corpo de Bombeiros foram acionadas, mas, ao chegarem ao local, encontraram a resid\u00eancia de madeira completamente em chamas.<\/p>\n\n\n\n<p>A Pol\u00edcia Militar isolou a \u00e1rea e acionou as Pol\u00edcias Civis e Cient\u00edfica. Ap\u00f3s os procedimentos no local, o corpo da v\u00edtima foi recolhido e encaminhado ao Instituto M\u00e9dico Legal (IML), para exames. As causas do inc\u00eandio ser\u00e3o investigadas.<\/p>\n\n\n\n<p>(Reda\u00e7\u00e3o Dia a Dia Not\u00edcias, com informa\u00e7\u00f5es de Coruj\u00e3o Not\u00edcias \/ Foto: Alexandre Paulino ((Rep\u00f3rter Maring\u00e1))<\/p>\n","protected":false},"excerpt":{"rendered":"<div class=\"mh-excerpt\"><p>Um morador de uma resid\u00eancia, que seria cadeirante, lamentavelmente, morreu carbonizado, durante um inc\u00eandio que atingiu sua resid\u00eancia. A trag\u00e9dia ocorreu na madrugada desta ter\u00e7a-feira (2), por volta das 5h30, no cruzamento das ruas Rio <a class=\"mh-excerpt-more\" href=\"https:\/\/diadianoticias.com.br\/?p=52513\" title=\"TRAG\u00c9DIA: Cadeirante n\u00e3o consegue sair a tempo, e morre carbonizado, em inc\u00eandio em resid\u00eancia\">[&#8230;]<\/a><\/p>\n<\/div>","protected":false},"author":4,"featured_media":52514,"comment_status":"open","ping_status":"open","sticky":false,"template":"","format":"standard","meta":{"footnotes":""},"categories":[32,5],"tags":[],"class_list":{"0":"post-52513","1":"post","2":"type-post","3":"status-publish","4":"format-standard","5":"has-post-thumbnail","7":"category-destaque","8":"category-policiais"},"_links":{"self":[{"href":"https:\/\/diadianoticias.com.br\/index.php?rest_route=\/wp\/v2\/posts\/52513","targetHints":{"allow":["GET"]}}],"collection":[{"href":"https:\/\/diadianoticias.com.br\/index.php?rest_route=\/wp\/v2\/posts"}],"about":[{"href":"https:\/\/diadianoticias.com.br\/index.php?rest_route=\/wp\/v2\/types\/post"}],"author":[{"embeddable":true,"href":"https:\/\/diadianoticias.com.br\/index.php?rest_route=\/wp\/v2\/users\/4"}],"replies":[{"embeddable":true,"href":"https:\/\/diadianoticias.com.br\/index.php?rest_route=%2Fwp%2Fv2%2Fcomments&post=52513"}],"version-history":[{"count":1,"href":"https:\/\/diadianoticias.com.br\/index.php?rest_route=\/wp\/v2\/posts\/52513\/revisions"}],"predecessor-version":[{"id":52515,"href":"https:\/\/diadianoticias.com.br\/index.php?rest_route=\/wp\/v2\/posts\/52513\/revisions\/52515"}],"wp:featuredmedia":[{"embeddable":true,"href":"https:\/\/diadianoticias.com.br\/index.php?rest_route=\/wp\/v2\/media\/52514"}],"wp:attachment":[{"href":"https:\/\/diadianoticias.com.br\/index.php?rest_route=%2Fwp%2Fv2%2Fmedia&parent=52513"}],"wp:term":[{"taxonomy":"category","embeddable":true,"href":"https:\/\/diadianoticias.com.br\/index.php?rest_route=%2Fwp%2Fv2%2Fcategories&post=52513"},{"taxonomy":"post_tag","embeddable":true,"href":"https:\/\/diadianoticias.com.br\/index.php?rest_route=%2Fwp%2Fv2%2Ftags&post=52513"}],"curies":[{"name":"wp","href":"https:\/\/api.w.org\/{rel}","templated":true}]}}