{"id":52504,"date":"2025-09-02T12:00:32","date_gmt":"2025-09-02T12:00:32","guid":{"rendered":"https:\/\/diadianoticias.com.br\/?p=52504"},"modified":"2025-09-02T12:00:34","modified_gmt":"2025-09-02T12:00:34","slug":"caminhonete-capota-apos-colisoes-envolvendo-tres-veiculos-na-rodovia-prc-487","status":"publish","type":"post","link":"https:\/\/diadianoticias.com.br\/?p=52504","title":{"rendered":"Caminhonete capota ap\u00f3s colis\u00f5es envolvendo tr\u00eas ve\u00edculos, na rodovia PRC-487"},"content":{"rendered":"\n<p>Duas colis\u00f5es, seguidas de capotamento, foram registradas na manh\u00e3 dessa segunda-feira (1\u00ba), na rodovia PRC-487, em Campo Mour\u00e3o. O acidente e ocorreu por volta das 8h15, no trecho entre Campo Mour\u00e3o e Luiziana.<\/p>\n\n\n\n<p>Segundo a Pol\u00edcia Rodovi\u00e1ria, conforme declara\u00e7\u00e3o dos condutores ambos os ve\u00edculos trafegavam pela rodovia PRC-487, no sentido de Campo Mour\u00e3o a Luiziana e, ao atingir o Km186+700 metros, o condutor do Kia Cerato, ao realizar ultrapassagem, ocorreu a colis\u00e3o com a caminhonete Toyota Hilux, que ao tentar realizar a ultrapassagem, n\u00e3o visualizou o Kia\/Cerato realizando a ultrapassagem. Tal a\u00e7\u00e3o, levou o condutor do Kia a perder o controle da dire\u00e7\u00e3o, vindo a sair para o acostamento e colidir contra uma outra caminhonete Toyota Hilux, que vinha logo atr\u00e1s, saindo a margem direita da rodovia, ocorrendo o capotamento do ve\u00edculo.<\/p>\n\n\n\n<p>Mesmo com as colis\u00f5es, n\u00e3o houve feridos, resultando em danos materiais. Foi realizado teste etilom\u00e9trico nos condutores, tendo como resultados 0,00 mg\/l.<\/p>\n\n\n\n<p>(Reda\u00e7\u00e3o Dia a Dia Not\u00edcias, com informa\u00e7\u00f5es da Pol\u00edcia Rodovi\u00e1ria)<\/p>\n","protected":false},"excerpt":{"rendered":"<div class=\"mh-excerpt\"><p>Duas colis\u00f5es, seguidas de capotamento, foram registradas na manh\u00e3 dessa segunda-feira (1\u00ba), na rodovia PRC-487, em Campo Mour\u00e3o. O acidente e ocorreu por volta das 8h15, no trecho entre Campo Mour\u00e3o e Luiziana. Segundo a <a class=\"mh-excerpt-more\" href=\"https:\/\/diadianoticias.com.br\/?p=52504\" title=\"Caminhonete capota ap\u00f3s colis\u00f5es envolvendo tr\u00eas ve\u00edculos, na rodovia PRC-487\">[&#8230;]<\/a><\/p>\n<\/div>","protected":false},"author":4,"featured_media":52505,"comment_status":"open","ping_status":"open","sticky":false,"template":"","format":"standard","meta":{"footnotes":""},"categories":[32,11],"tags":[],"class_list":{"0":"post-52504","1":"post","2":"type-post","3":"status-publish","4":"format-standard","5":"has-post-thumbnail","7":"category-destaque","8":"category-diversas"},"_links":{"self":[{"href":"https:\/\/diadianoticias.com.br\/index.php?rest_route=\/wp\/v2\/posts\/52504","targetHints":{"allow":["GET"]}}],"collection":[{"href":"https:\/\/diadianoticias.com.br\/index.php?rest_route=\/wp\/v2\/posts"}],"about":[{"href":"https:\/\/diadianoticias.com.br\/index.php?rest_route=\/wp\/v2\/types\/post"}],"author":[{"embeddable":true,"href":"https:\/\/diadianoticias.com.br\/index.php?rest_route=\/wp\/v2\/users\/4"}],"replies":[{"embeddable":true,"href":"https:\/\/diadianoticias.com.br\/index.php?rest_route=%2Fwp%2Fv2%2Fcomments&post=52504"}],"version-history":[{"count":1,"href":"https:\/\/diadianoticias.com.br\/index.php?rest_route=\/wp\/v2\/posts\/52504\/revisions"}],"predecessor-version":[{"id":52506,"href":"https:\/\/diadianoticias.com.br\/index.php?rest_route=\/wp\/v2\/posts\/52504\/revisions\/52506"}],"wp:featuredmedia":[{"embeddable":true,"href":"https:\/\/diadianoticias.com.br\/index.php?rest_route=\/wp\/v2\/media\/52505"}],"wp:attachment":[{"href":"https:\/\/diadianoticias.com.br\/index.php?rest_route=%2Fwp%2Fv2%2Fmedia&parent=52504"}],"wp:term":[{"taxonomy":"category","embeddable":true,"href":"https:\/\/diadianoticias.com.br\/index.php?rest_route=%2Fwp%2Fv2%2Fcategories&post=52504"},{"taxonomy":"post_tag","embeddable":true,"href":"https:\/\/diadianoticias.com.br\/index.php?rest_route=%2Fwp%2Fv2%2Ftags&post=52504"}],"curies":[{"name":"wp","href":"https:\/\/api.w.org\/{rel}","templated":true}]}}