{"id":52481,"date":"2025-09-01T13:39:45","date_gmt":"2025-09-01T13:39:45","guid":{"rendered":"https:\/\/diadianoticias.com.br\/?p=52481"},"modified":"2025-09-01T13:39:46","modified_gmt":"2025-09-01T13:39:46","slug":"durante-abordagem-motorista-e-preso-com-mais-de-200-quilos-de-maconha-em-veiculo-na-pr-323","status":"publish","type":"post","link":"https:\/\/diadianoticias.com.br\/?p=52481","title":{"rendered":"Durante abordagem, motorista \u00e9 preso com mais de 200 quilos de maconha em ve\u00edculo, na PR-323"},"content":{"rendered":"\n<p>Um homem, de 24 anos, foi preso por policiais militares do Batalh\u00e3o de Pol\u00edcia de Fronteira &#8211; BPFRON, no \u00e2mbito da Opera\u00e7\u00e3o Protetor de Divisas e Fronteiras, em a\u00e7\u00e3o conjunta com a Receita Federal, ao ser flagrado com mais de 200 quilos de maconha em um ve\u00edculo. A a\u00e7\u00e3o foi registrada no \u00faltimo s\u00e1bado (30), na rodovia PR-323, em Umuarama-PR.<\/p>\n\n\n\n<p>Segundo as informa\u00e7\u00f5es, as equipes realizaram abordagem a um ve\u00edculo Ford\/Fiesta, de cor vermelha. Durante busca veicular, foram localizados 218,950 Kg de subst\u00e2ncia an\u00e1loga a maconha. O condutor, um homem de 24 anos, relatou que levaria a droga at\u00e9 o munic\u00edpio de Tibagi\/PR, e receberia o valor de R$ 7.000,00 pelo transporte.<\/p>\n\n\n\n<p>Diante dos fatos, o homem foi preso e encaminhado, junto com a droga apreendida, para a 7\u00aa Subdivis\u00e3o Policial de Umuarama para aprecia\u00e7\u00e3o da Autoridade Policial competente.<\/p>\n\n\n\n<p>(Reda\u00e7\u00e3o Dia a Dia Not\u00edcias, com informa\u00e7\u00f5es do BPFRON)<\/p>\n\n\n\n<figure class=\"wp-block-gallery has-nested-images columns-default is-cropped wp-block-gallery-1 is-layout-flex wp-block-gallery-is-layout-flex\">\n<figure class=\"wp-block-image size-large\"><a href=\"https:\/\/diadianoticias.com.br\/wp-content\/uploads\/2025\/09\/WhatsApp-Image-2025-09-01-at-10.38.58.jpeg\"><img loading=\"lazy\" decoding=\"async\" width=\"718\" height=\"765\" data-id=\"52482\" src=\"https:\/\/diadianoticias.com.br\/wp-content\/uploads\/2025\/09\/WhatsApp-Image-2025-09-01-at-10.38.58.jpeg\" alt=\"\" class=\"wp-image-52482\" srcset=\"https:\/\/diadianoticias.com.br\/wp-content\/uploads\/2025\/09\/WhatsApp-Image-2025-09-01-at-10.38.58.jpeg 718w, https:\/\/diadianoticias.com.br\/wp-content\/uploads\/2025\/09\/WhatsApp-Image-2025-09-01-at-10.38.58-282x300.jpeg 282w\" sizes=\"auto, (max-width: 718px) 100vw, 718px\" \/><\/a><\/figure>\n\n\n\n<figure class=\"wp-block-image size-large\"><a href=\"https:\/\/diadianoticias.com.br\/wp-content\/uploads\/2025\/09\/WhatsApp-Image-2025-09-01-at-10.38.36.jpeg\"><img loading=\"lazy\" decoding=\"async\" width=\"899\" height=\"992\" data-id=\"52483\" src=\"https:\/\/diadianoticias.com.br\/wp-content\/uploads\/2025\/09\/WhatsApp-Image-2025-09-01-at-10.38.36.jpeg\" alt=\"\" class=\"wp-image-52483\" srcset=\"https:\/\/diadianoticias.com.br\/wp-content\/uploads\/2025\/09\/WhatsApp-Image-2025-09-01-at-10.38.36.jpeg 899w, https:\/\/diadianoticias.com.br\/wp-content\/uploads\/2025\/09\/WhatsApp-Image-2025-09-01-at-10.38.36-272x300.jpeg 272w, https:\/\/diadianoticias.com.br\/wp-content\/uploads\/2025\/09\/WhatsApp-Image-2025-09-01-at-10.38.36-768x847.jpeg 768w\" sizes=\"auto, (max-width: 899px) 100vw, 899px\" \/><\/a><\/figure>\n<\/figure>\n","protected":false},"excerpt":{"rendered":"<div class=\"mh-excerpt\"><p>Um homem, de 24 anos, foi preso por policiais militares do Batalh\u00e3o de Pol\u00edcia de Fronteira &#8211; BPFRON, no \u00e2mbito da Opera\u00e7\u00e3o Protetor de Divisas e Fronteiras, em a\u00e7\u00e3o conjunta com a Receita Federal, ao <a class=\"mh-excerpt-more\" href=\"https:\/\/diadianoticias.com.br\/?p=52481\" title=\"Durante abordagem, motorista \u00e9 preso com mais de 200 quilos de maconha em ve\u00edculo, na PR-323\">[&#8230;]<\/a><\/p>\n<\/div>","protected":false},"author":4,"featured_media":52483,"comment_status":"open","ping_status":"open","sticky":false,"template":"","format":"standard","meta":{"footnotes":""},"categories":[32,5],"tags":[],"class_list":{"0":"post-52481","1":"post","2":"type-post","3":"status-publish","4":"format-standard","5":"has-post-thumbnail","7":"category-destaque","8":"category-policiais"},"_links":{"self":[{"href":"https:\/\/diadianoticias.com.br\/index.php?rest_route=\/wp\/v2\/posts\/52481","targetHints":{"allow":["GET"]}}],"collection":[{"href":"https:\/\/diadianoticias.com.br\/index.php?rest_route=\/wp\/v2\/posts"}],"about":[{"href":"https:\/\/diadianoticias.com.br\/index.php?rest_route=\/wp\/v2\/types\/post"}],"author":[{"embeddable":true,"href":"https:\/\/diadianoticias.com.br\/index.php?rest_route=\/wp\/v2\/users\/4"}],"replies":[{"embeddable":true,"href":"https:\/\/diadianoticias.com.br\/index.php?rest_route=%2Fwp%2Fv2%2Fcomments&post=52481"}],"version-history":[{"count":1,"href":"https:\/\/diadianoticias.com.br\/index.php?rest_route=\/wp\/v2\/posts\/52481\/revisions"}],"predecessor-version":[{"id":52484,"href":"https:\/\/diadianoticias.com.br\/index.php?rest_route=\/wp\/v2\/posts\/52481\/revisions\/52484"}],"wp:featuredmedia":[{"embeddable":true,"href":"https:\/\/diadianoticias.com.br\/index.php?rest_route=\/wp\/v2\/media\/52483"}],"wp:attachment":[{"href":"https:\/\/diadianoticias.com.br\/index.php?rest_route=%2Fwp%2Fv2%2Fmedia&parent=52481"}],"wp:term":[{"taxonomy":"category","embeddable":true,"href":"https:\/\/diadianoticias.com.br\/index.php?rest_route=%2Fwp%2Fv2%2Fcategories&post=52481"},{"taxonomy":"post_tag","embeddable":true,"href":"https:\/\/diadianoticias.com.br\/index.php?rest_route=%2Fwp%2Fv2%2Ftags&post=52481"}],"curies":[{"name":"wp","href":"https:\/\/api.w.org\/{rel}","templated":true}]}}