{"id":52477,"date":"2025-09-01T13:24:00","date_gmt":"2025-09-01T13:24:00","guid":{"rendered":"https:\/\/diadianoticias.com.br\/?p=52477"},"modified":"2025-09-01T13:24:01","modified_gmt":"2025-09-01T13:24:01","slug":"jovem-fica-ferido-ao-ter-motocicleta-atingida-por-carro-na-tentativa-de-fuga-do-local-o-condutor-do-automovel-colidiu-o-mesmo-contra-uma-arvore","status":"publish","type":"post","link":"https:\/\/diadianoticias.com.br\/?p=52477","title":{"rendered":"Jovem fica ferido ao ter motocicleta atingida por carro; Na tentativa de fuga do local, o condutor do autom\u00f3vel colidiu o mesmo contra uma \u00e1rvore"},"content":{"rendered":"\n<p>Um jovem, de 18 anos, ficou ferido ao ter a motocicleta atingida por um carro, na madrugada desta segunda-feira (1\u00ba), por volta da 0h10, na Zona 2, em Umuarama. Ap\u00f3s a colis\u00e3o, o condutor do carro, ao tentar fugir do local, perdeu o controle da dire\u00e7\u00e3o e bateu violentamente contra uma \u00e1rvore em uma pra\u00e7a.<\/p>\n\n\n\n<p>Segundo a Pol\u00edcia Militar, a equipe deslocou-se at\u00e9 uma pra\u00e7a local, para atender ocorr\u00eancia de acidente de tr\u00e2nsito. Conforme den\u00fancia, o condutor de um ve\u00edculo teria colidido contra uma motocicleta, evadindo-se em alta velocidade e, em seguida, batendo contra uma \u00e1rvore na referida pra\u00e7a.<\/p>\n\n\n\n<p>No local, j\u00e1 estavam as equipes do SAMU e Corpo de Bombeiros prestando atendimento. Foi identificado um passageiro, que informou ter sa\u00eddo de um bar junto ao condutor, o qual teria provocado a primeira colis\u00e3o, fugido e perdido o controle, ocasionando o segundo acidente, evadindo-se a p\u00e9 logo ap\u00f3s.<\/p>\n\n\n\n<p>No ve\u00edculo, foram encontrados documentos que indicavam a identidade do condutor, confirmada pelo passageiro, sendo um homem de 23 anos. O condutor da motocicleta, recebeu os cuidados ainda no local e foi encaminhado a Unidade de Pronto Atendimento Municipal pelo SIATE.<\/p>\n\n\n\n<p>Policias militares confeccionaram o boletim de ocorr\u00eancia para apurar as circunst\u00e2ncias do acidente.<\/p>\n\n\n\n<p>(Reda\u00e7\u00e3o Dia a Dia Not\u00edcias, com informa\u00e7\u00f5es da Pol\u00edcia Militar)<\/p>\n\n\n\n<figure class=\"wp-block-gallery has-nested-images columns-default is-cropped wp-block-gallery-1 is-layout-flex wp-block-gallery-is-layout-flex\">\n<figure class=\"wp-block-image size-large\"><a href=\"https:\/\/diadianoticias.com.br\/wp-content\/uploads\/2025\/09\/WhatsApp-Image-2025-09-01-at-10.23.10.jpeg\"><img loading=\"lazy\" decoding=\"async\" width=\"853\" height=\"1024\" data-id=\"52479\" src=\"https:\/\/diadianoticias.com.br\/wp-content\/uploads\/2025\/09\/WhatsApp-Image-2025-09-01-at-10.23.10-853x1024.jpeg\" alt=\"\" class=\"wp-image-52479\" srcset=\"https:\/\/diadianoticias.com.br\/wp-content\/uploads\/2025\/09\/WhatsApp-Image-2025-09-01-at-10.23.10-853x1024.jpeg 853w, https:\/\/diadianoticias.com.br\/wp-content\/uploads\/2025\/09\/WhatsApp-Image-2025-09-01-at-10.23.10-250x300.jpeg 250w, https:\/\/diadianoticias.com.br\/wp-content\/uploads\/2025\/09\/WhatsApp-Image-2025-09-01-at-10.23.10-768x922.jpeg 768w, https:\/\/diadianoticias.com.br\/wp-content\/uploads\/2025\/09\/WhatsApp-Image-2025-09-01-at-10.23.10.jpeg 1199w\" sizes=\"auto, (max-width: 853px) 100vw, 853px\" \/><\/a><\/figure>\n\n\n\n<figure class=\"wp-block-image size-large\"><a href=\"https:\/\/diadianoticias.com.br\/wp-content\/uploads\/2025\/09\/WhatsApp-Image-2025-09-01-at-06.52.46.jpeg\"><img loading=\"lazy\" decoding=\"async\" width=\"1024\" height=\"768\" data-id=\"52478\" src=\"https:\/\/diadianoticias.com.br\/wp-content\/uploads\/2025\/09\/WhatsApp-Image-2025-09-01-at-06.52.46-1024x768.jpeg\" alt=\"\" class=\"wp-image-52478\" srcset=\"https:\/\/diadianoticias.com.br\/wp-content\/uploads\/2025\/09\/WhatsApp-Image-2025-09-01-at-06.52.46-1024x768.jpeg 1024w, https:\/\/diadianoticias.com.br\/wp-content\/uploads\/2025\/09\/WhatsApp-Image-2025-09-01-at-06.52.46-300x225.jpeg 300w, https:\/\/diadianoticias.com.br\/wp-content\/uploads\/2025\/09\/WhatsApp-Image-2025-09-01-at-06.52.46-768x576.jpeg 768w, https:\/\/diadianoticias.com.br\/wp-content\/uploads\/2025\/09\/WhatsApp-Image-2025-09-01-at-06.52.46-1536x1152.jpeg 1536w, https:\/\/diadianoticias.com.br\/wp-content\/uploads\/2025\/09\/WhatsApp-Image-2025-09-01-at-06.52.46-678x509.jpeg 678w, https:\/\/diadianoticias.com.br\/wp-content\/uploads\/2025\/09\/WhatsApp-Image-2025-09-01-at-06.52.46-326x245.jpeg 326w, https:\/\/diadianoticias.com.br\/wp-content\/uploads\/2025\/09\/WhatsApp-Image-2025-09-01-at-06.52.46-80x60.jpeg 80w, https:\/\/diadianoticias.com.br\/wp-content\/uploads\/2025\/09\/WhatsApp-Image-2025-09-01-at-06.52.46.jpeg 1600w\" sizes=\"auto, (max-width: 1024px) 100vw, 1024px\" \/><\/a><\/figure>\n<\/figure>\n","protected":false},"excerpt":{"rendered":"<div class=\"mh-excerpt\"><p>Um jovem, de 18 anos, ficou ferido ao ter a motocicleta atingida por um carro, na madrugada desta segunda-feira (1\u00ba), por volta da 0h10, na Zona 2, em Umuarama. Ap\u00f3s a colis\u00e3o, o condutor do <a class=\"mh-excerpt-more\" href=\"https:\/\/diadianoticias.com.br\/?p=52477\" title=\"Jovem fica ferido ao ter motocicleta atingida por carro; Na tentativa de fuga do local, o condutor do autom\u00f3vel colidiu o mesmo contra uma \u00e1rvore\">[&#8230;]<\/a><\/p>\n<\/div>","protected":false},"author":4,"featured_media":52478,"comment_status":"open","ping_status":"open","sticky":false,"template":"","format":"standard","meta":{"footnotes":""},"categories":[32,11],"tags":[],"class_list":{"0":"post-52477","1":"post","2":"type-post","3":"status-publish","4":"format-standard","5":"has-post-thumbnail","7":"category-destaque","8":"category-diversas"},"_links":{"self":[{"href":"https:\/\/diadianoticias.com.br\/index.php?rest_route=\/wp\/v2\/posts\/52477","targetHints":{"allow":["GET"]}}],"collection":[{"href":"https:\/\/diadianoticias.com.br\/index.php?rest_route=\/wp\/v2\/posts"}],"about":[{"href":"https:\/\/diadianoticias.com.br\/index.php?rest_route=\/wp\/v2\/types\/post"}],"author":[{"embeddable":true,"href":"https:\/\/diadianoticias.com.br\/index.php?rest_route=\/wp\/v2\/users\/4"}],"replies":[{"embeddable":true,"href":"https:\/\/diadianoticias.com.br\/index.php?rest_route=%2Fwp%2Fv2%2Fcomments&post=52477"}],"version-history":[{"count":1,"href":"https:\/\/diadianoticias.com.br\/index.php?rest_route=\/wp\/v2\/posts\/52477\/revisions"}],"predecessor-version":[{"id":52480,"href":"https:\/\/diadianoticias.com.br\/index.php?rest_route=\/wp\/v2\/posts\/52477\/revisions\/52480"}],"wp:featuredmedia":[{"embeddable":true,"href":"https:\/\/diadianoticias.com.br\/index.php?rest_route=\/wp\/v2\/media\/52478"}],"wp:attachment":[{"href":"https:\/\/diadianoticias.com.br\/index.php?rest_route=%2Fwp%2Fv2%2Fmedia&parent=52477"}],"wp:term":[{"taxonomy":"category","embeddable":true,"href":"https:\/\/diadianoticias.com.br\/index.php?rest_route=%2Fwp%2Fv2%2Fcategories&post=52477"},{"taxonomy":"post_tag","embeddable":true,"href":"https:\/\/diadianoticias.com.br\/index.php?rest_route=%2Fwp%2Fv2%2Ftags&post=52477"}],"curies":[{"name":"wp","href":"https:\/\/api.w.org\/{rel}","templated":true}]}}