{"id":52470,"date":"2025-09-01T12:43:22","date_gmt":"2025-09-01T12:43:22","guid":{"rendered":"https:\/\/diadianoticias.com.br\/?p=52470"},"modified":"2025-09-01T12:43:23","modified_gmt":"2025-09-01T12:43:23","slug":"homem-fica-ferido-ao-ter-motocicleta-atingida-por-carro-nao-identificado-e-ser-atropelado-por-outro-veiculo-na-pr-317-um-terceiro-automovel-acabou-se-envolvendo-no-acidente","status":"publish","type":"post","link":"https:\/\/diadianoticias.com.br\/?p=52470","title":{"rendered":"Homem fica ferido, ao ter motocicleta atingida por carro n\u00e3o identificado, e ser atropelado por outro ve\u00edculo, na PR-317; Um terceiro autom\u00f3vel acabou se envolvendo no acidente"},"content":{"rendered":"\n<p>Duas pessoas ficaram feridas em um acidente que come\u00e7ou com uma colis\u00e3o entre um carro, n\u00e3o identificado, e uma motocicleta, e que resultou no atropelamento do condutor da moto, por um outro ve\u00edculo. Em seguida um outro autom\u00f3vel acabou batendo contra a motocicleta. A ocorr\u00eancia foi registrada na noite desse domingo (31), por volta das 19h30, na rodovia PR-317, em Maring\u00e1.<\/p>\n\n\n\n<p>Segundo a Pol\u00edcia Rodovi\u00e1ria, conforme declara\u00e7\u00e3o de condutores e vest\u00edgios encontrados no local, uma motocicleta trafegava Homem fica ferido, ao ter motocicleta atingida por carro n\u00e3o identificado, e ser atropelado por outro ve\u00edculo, na PR-317; Um autom\u00f3vel acabou se envolvendo no acidente<\/p>\n\n\n\n<p>Duas pessoas ficaram feridas em um acidente que come\u00e7ou com uma colis\u00e3o entre um carro, n\u00e3o identificado, e uma motocicleta, e que resultou no atropelamento do condutor da moto, por um outro ve\u00edculo. Em seguida um outro autom\u00f3vel acabou batendo contra a motocicleta. A ocorr\u00eancia foi registrada na noite desse domingo (31), por volta das 19h30, na rodovia PR-317, em Maring\u00e1.<\/p>\n\n\n\n<p>Segundo a Pol\u00edcia Rodovi\u00e1ria, conforme declara\u00e7\u00e3o de condutores e vest\u00edgios encontrados no local, uma motocicleta trafegava pela rodovia PR 317, no sentido de Floresta \u00e0 Maring\u00e1 e, ao se aproximar do km 101 + 800 m, a moto foi atingida por um ve\u00edculo n\u00e3o identificado, provocando a queda do motociclista. Nesse momento, o condutor da motocicleta, de 28 anos, foi atropelado por um autom\u00f3vel VW\/Gol, que seguia na mesma via e no mesmo sentido. Em seguida, um ve\u00edculo Renault\/Kwid, que tamb\u00e9m seguia na mesma via e mesmo sentido, n\u00e3o conseguiu parar, colidindo contra a motocicleta que estava ca\u00edda na pista.<\/p>\n\n\n\n<p>Com os impactos, o condutor da motocicleta sofreu ferimentos moderados e foi encaminhado, pela equipe do SAMU, para o Hospital Universit\u00e1rio de Maring\u00e1. J\u00e1 o condutor do Gol, teve ferimentos leves, e foi encaminhado pelo SAMU ao Hospital Santa Casa de Maring\u00e1.<\/p>\n\n\n\n<p>(Reda\u00e7\u00e3o Dia a Dia Not\u00edcias, com informa\u00e7\u00f5es da Pol\u00edcia Rodovi\u00e1ria)<\/p>\n","protected":false},"excerpt":{"rendered":"<div class=\"mh-excerpt\"><p>Duas pessoas ficaram feridas em um acidente que come\u00e7ou com uma colis\u00e3o entre um carro, n\u00e3o identificado, e uma motocicleta, e que resultou no atropelamento do condutor da moto, por um outro ve\u00edculo. Em seguida <a class=\"mh-excerpt-more\" href=\"https:\/\/diadianoticias.com.br\/?p=52470\" title=\"Homem fica ferido, ao ter motocicleta atingida por carro n\u00e3o identificado, e ser atropelado por outro ve\u00edculo, na PR-317; Um terceiro autom\u00f3vel acabou se envolvendo no acidente\">[&#8230;]<\/a><\/p>\n<\/div>","protected":false},"author":4,"featured_media":52471,"comment_status":"open","ping_status":"open","sticky":false,"template":"","format":"standard","meta":{"footnotes":""},"categories":[32,11],"tags":[],"class_list":{"0":"post-52470","1":"post","2":"type-post","3":"status-publish","4":"format-standard","5":"has-post-thumbnail","7":"category-destaque","8":"category-diversas"},"_links":{"self":[{"href":"https:\/\/diadianoticias.com.br\/index.php?rest_route=\/wp\/v2\/posts\/52470","targetHints":{"allow":["GET"]}}],"collection":[{"href":"https:\/\/diadianoticias.com.br\/index.php?rest_route=\/wp\/v2\/posts"}],"about":[{"href":"https:\/\/diadianoticias.com.br\/index.php?rest_route=\/wp\/v2\/types\/post"}],"author":[{"embeddable":true,"href":"https:\/\/diadianoticias.com.br\/index.php?rest_route=\/wp\/v2\/users\/4"}],"replies":[{"embeddable":true,"href":"https:\/\/diadianoticias.com.br\/index.php?rest_route=%2Fwp%2Fv2%2Fcomments&post=52470"}],"version-history":[{"count":1,"href":"https:\/\/diadianoticias.com.br\/index.php?rest_route=\/wp\/v2\/posts\/52470\/revisions"}],"predecessor-version":[{"id":52472,"href":"https:\/\/diadianoticias.com.br\/index.php?rest_route=\/wp\/v2\/posts\/52470\/revisions\/52472"}],"wp:featuredmedia":[{"embeddable":true,"href":"https:\/\/diadianoticias.com.br\/index.php?rest_route=\/wp\/v2\/media\/52471"}],"wp:attachment":[{"href":"https:\/\/diadianoticias.com.br\/index.php?rest_route=%2Fwp%2Fv2%2Fmedia&parent=52470"}],"wp:term":[{"taxonomy":"category","embeddable":true,"href":"https:\/\/diadianoticias.com.br\/index.php?rest_route=%2Fwp%2Fv2%2Fcategories&post=52470"},{"taxonomy":"post_tag","embeddable":true,"href":"https:\/\/diadianoticias.com.br\/index.php?rest_route=%2Fwp%2Fv2%2Ftags&post=52470"}],"curies":[{"name":"wp","href":"https:\/\/api.w.org\/{rel}","templated":true}]}}