{"id":52468,"date":"2025-09-01T12:20:24","date_gmt":"2025-09-01T12:20:24","guid":{"rendered":"https:\/\/diadianoticias.com.br\/?p=52468"},"modified":"2025-09-01T12:20:25","modified_gmt":"2025-09-01T12:20:25","slug":"homem-morre-e-dois-jovens-ficam-feridos-em-colisao-frontal-entre-duas-motocicletas-em-estrada-rural","status":"publish","type":"post","link":"https:\/\/diadianoticias.com.br\/?p=52468","title":{"rendered":"Homem morre e dois jovens ficam feridos, em colis\u00e3o frontal entre duas motocicletas, em estrada rural"},"content":{"rendered":"\n<p>Um homem, de 37 anos, n\u00e3o resistiu aos ferimentos e entrou em \u00f3bito em uma colis\u00e3o envolvendo uma motoneta e uma motocicleta, na madrugada desse domingo (31), em Mariluz-PR. O acidente ocorreu por volta das 4h10, em uma estrada rural pr\u00f3ximo ao Assentamento Nossa Senhora Aparecida.<\/p>\n\n\n\n<p>Segundo a Pol\u00edcia Militar, a equipe foi acionada para dar atendimento a um acidente de tr\u00e2nsito, do tipo colis\u00e3o frontal, envolvendo uma motoneta Honda Biz e uma motocicleta Honda CRF, de cor vermelha, sem placa.<\/p>\n\n\n\n<p>No local, foi constatado que um homem, de 37 anos j\u00e1 estava em \u00f3bito. As demais v\u00edtimas, sendo um jovem, de 18 anos, em estado grave, e um adolescente, de 17 anos, que apresentava fraturas moderadas, foram socorridas e encaminhadas ao hospital de Umuarama.<\/p>\n\n\n\n<p>As motocicletas foram recolhidas e entregues na Delegacia de Cruzeiro do Oeste. A equipe permaneceu no local at\u00e9 a chegada da Pol\u00edcia Cient\u00edfica e do IML, que realizou a remo\u00e7\u00e3o e encaminhamento do corpo para exames.<\/p>\n\n\n\n<p>(Reda\u00e7\u00e3o Dia a Dia Not\u00edcias, com informa\u00e7\u00f5es da Pol\u00edcia Militar)<\/p>\n","protected":false},"excerpt":{"rendered":"<div class=\"mh-excerpt\"><p>Um homem, de 37 anos, n\u00e3o resistiu aos ferimentos e entrou em \u00f3bito em uma colis\u00e3o envolvendo uma motoneta e uma motocicleta, na madrugada desse domingo (31), em Mariluz-PR. O acidente ocorreu por volta das <a class=\"mh-excerpt-more\" href=\"https:\/\/diadianoticias.com.br\/?p=52468\" title=\"Homem morre e dois jovens ficam feridos, em colis\u00e3o frontal entre duas motocicletas, em estrada rural\">[&#8230;]<\/a><\/p>\n<\/div>","protected":false},"author":4,"featured_media":51583,"comment_status":"open","ping_status":"open","sticky":false,"template":"","format":"standard","meta":{"footnotes":""},"categories":[32,11],"tags":[],"class_list":{"0":"post-52468","1":"post","2":"type-post","3":"status-publish","4":"format-standard","5":"has-post-thumbnail","7":"category-destaque","8":"category-diversas"},"_links":{"self":[{"href":"https:\/\/diadianoticias.com.br\/index.php?rest_route=\/wp\/v2\/posts\/52468","targetHints":{"allow":["GET"]}}],"collection":[{"href":"https:\/\/diadianoticias.com.br\/index.php?rest_route=\/wp\/v2\/posts"}],"about":[{"href":"https:\/\/diadianoticias.com.br\/index.php?rest_route=\/wp\/v2\/types\/post"}],"author":[{"embeddable":true,"href":"https:\/\/diadianoticias.com.br\/index.php?rest_route=\/wp\/v2\/users\/4"}],"replies":[{"embeddable":true,"href":"https:\/\/diadianoticias.com.br\/index.php?rest_route=%2Fwp%2Fv2%2Fcomments&post=52468"}],"version-history":[{"count":1,"href":"https:\/\/diadianoticias.com.br\/index.php?rest_route=\/wp\/v2\/posts\/52468\/revisions"}],"predecessor-version":[{"id":52469,"href":"https:\/\/diadianoticias.com.br\/index.php?rest_route=\/wp\/v2\/posts\/52468\/revisions\/52469"}],"wp:featuredmedia":[{"embeddable":true,"href":"https:\/\/diadianoticias.com.br\/index.php?rest_route=\/wp\/v2\/media\/51583"}],"wp:attachment":[{"href":"https:\/\/diadianoticias.com.br\/index.php?rest_route=%2Fwp%2Fv2%2Fmedia&parent=52468"}],"wp:term":[{"taxonomy":"category","embeddable":true,"href":"https:\/\/diadianoticias.com.br\/index.php?rest_route=%2Fwp%2Fv2%2Fcategories&post=52468"},{"taxonomy":"post_tag","embeddable":true,"href":"https:\/\/diadianoticias.com.br\/index.php?rest_route=%2Fwp%2Fv2%2Ftags&post=52468"}],"curies":[{"name":"wp","href":"https:\/\/api.w.org\/{rel}","templated":true}]}}