{"id":52462,"date":"2025-09-01T12:02:31","date_gmt":"2025-09-01T12:02:31","guid":{"rendered":"https:\/\/diadianoticias.com.br\/?p=52462"},"modified":"2025-09-01T12:02:34","modified_gmt":"2025-09-01T12:02:34","slug":"homem-fica-ferido-ao-sofrer-queda-com-motocicleta-na-rodovia-pr-567-entre-cianorte-e-o-distrito-de-sao-lourenco","status":"publish","type":"post","link":"https:\/\/diadianoticias.com.br\/?p=52462","title":{"rendered":"Homem fica ferido ao sofrer queda com motocicleta, na rodovia PR-567, entre Cianorte e o distrito de S\u00e3o Louren\u00e7o"},"content":{"rendered":"\n<p>Um homem, de 24 anos, ficou ferido ao sofrer uma queda com uma motocicleta, na rodovia PR-567, que liga a rodovia PR-323 ao distrito de S\u00e3o Louren\u00e7o, em Cianorte. O acidente ocorreu na manh\u00e3 desse domingo (31), por volta das 7h20, nas proximidades da curva do Ribeir\u00e3o Ver\u00edssimo, trecho entre a comunidade Guarit\u00e9 e S\u00e3o Louren\u00e7o.<\/p>\n\n\n\n<p>Duas unidades Samu foram acionadas e estiveram no local para prestar os primeiros socorros. A v\u00edtima relatou que estava na garupa da motocicleta. Diante dessa informa\u00e7\u00e3o, equipes do Siate e do ABTR do Corpo de Bombeiros realizaram uma varredura na \u00e1rea em busca do condutor, por\u00e9m, ningu\u00e9m foi localizado.<\/p>\n\n\n\n<p>Sendo assim, o homem, de 24 anos, morador de Tapejara, ficou ferido e foi encaminhado ao Hospital Fundhospar de Cianorte.<\/p>\n\n\n\n<p>(Reda\u00e7\u00e3o Dia a Dia Not\u00edcias, com informa\u00e7\u00f5es e imagens de Not\u00edcia Cianorte e Regi\u00e3o)<\/p>\n\n\n\n<figure class=\"wp-block-gallery has-nested-images columns-default is-cropped wp-block-gallery-1 is-layout-flex wp-block-gallery-is-layout-flex\">\n<figure class=\"wp-block-image size-large\"><a href=\"https:\/\/diadianoticias.com.br\/wp-content\/uploads\/2025\/09\/WhatsApp-Image-2025-08-31-at-20.46.09.jpeg\"><img loading=\"lazy\" decoding=\"async\" width=\"1024\" height=\"768\" data-id=\"52463\" src=\"https:\/\/diadianoticias.com.br\/wp-content\/uploads\/2025\/09\/WhatsApp-Image-2025-08-31-at-20.46.09-1024x768.jpeg\" alt=\"\" class=\"wp-image-52463\" srcset=\"https:\/\/diadianoticias.com.br\/wp-content\/uploads\/2025\/09\/WhatsApp-Image-2025-08-31-at-20.46.09-1024x768.jpeg 1024w, https:\/\/diadianoticias.com.br\/wp-content\/uploads\/2025\/09\/WhatsApp-Image-2025-08-31-at-20.46.09-300x225.jpeg 300w, https:\/\/diadianoticias.com.br\/wp-content\/uploads\/2025\/09\/WhatsApp-Image-2025-08-31-at-20.46.09-768x576.jpeg 768w, https:\/\/diadianoticias.com.br\/wp-content\/uploads\/2025\/09\/WhatsApp-Image-2025-08-31-at-20.46.09-678x509.jpeg 678w, https:\/\/diadianoticias.com.br\/wp-content\/uploads\/2025\/09\/WhatsApp-Image-2025-08-31-at-20.46.09-326x245.jpeg 326w, https:\/\/diadianoticias.com.br\/wp-content\/uploads\/2025\/09\/WhatsApp-Image-2025-08-31-at-20.46.09-80x60.jpeg 80w, https:\/\/diadianoticias.com.br\/wp-content\/uploads\/2025\/09\/WhatsApp-Image-2025-08-31-at-20.46.09.jpeg 1280w\" sizes=\"auto, (max-width: 1024px) 100vw, 1024px\" \/><\/a><\/figure>\n\n\n\n<figure class=\"wp-block-image size-large\"><a href=\"https:\/\/diadianoticias.com.br\/wp-content\/uploads\/2025\/09\/WhatsApp-Image-2025-09-01-at-09.01.25.jpeg\"><img loading=\"lazy\" decoding=\"async\" width=\"768\" height=\"1024\" data-id=\"52465\" src=\"https:\/\/diadianoticias.com.br\/wp-content\/uploads\/2025\/09\/WhatsApp-Image-2025-09-01-at-09.01.25-768x1024.jpeg\" alt=\"\" class=\"wp-image-52465\" srcset=\"https:\/\/diadianoticias.com.br\/wp-content\/uploads\/2025\/09\/WhatsApp-Image-2025-09-01-at-09.01.25-768x1024.jpeg 768w, https:\/\/diadianoticias.com.br\/wp-content\/uploads\/2025\/09\/WhatsApp-Image-2025-09-01-at-09.01.25-225x300.jpeg 225w, https:\/\/diadianoticias.com.br\/wp-content\/uploads\/2025\/09\/WhatsApp-Image-2025-09-01-at-09.01.25-1152x1536.jpeg 1152w, https:\/\/diadianoticias.com.br\/wp-content\/uploads\/2025\/09\/WhatsApp-Image-2025-09-01-at-09.01.25.jpeg 1170w\" sizes=\"auto, (max-width: 768px) 100vw, 768px\" \/><\/a><\/figure>\n\n\n\n<figure class=\"wp-block-image size-large\"><a href=\"https:\/\/diadianoticias.com.br\/wp-content\/uploads\/2025\/09\/WhatsApp-Image-2025-09-01-at-09.01.25-1.jpeg\"><img loading=\"lazy\" decoding=\"async\" width=\"768\" height=\"1024\" data-id=\"52464\" src=\"https:\/\/diadianoticias.com.br\/wp-content\/uploads\/2025\/09\/WhatsApp-Image-2025-09-01-at-09.01.25-1-768x1024.jpeg\" alt=\"\" class=\"wp-image-52464\" srcset=\"https:\/\/diadianoticias.com.br\/wp-content\/uploads\/2025\/09\/WhatsApp-Image-2025-09-01-at-09.01.25-1-768x1024.jpeg 768w, https:\/\/diadianoticias.com.br\/wp-content\/uploads\/2025\/09\/WhatsApp-Image-2025-09-01-at-09.01.25-1-225x300.jpeg 225w, https:\/\/diadianoticias.com.br\/wp-content\/uploads\/2025\/09\/WhatsApp-Image-2025-09-01-at-09.01.25-1-1152x1536.jpeg 1152w, https:\/\/diadianoticias.com.br\/wp-content\/uploads\/2025\/09\/WhatsApp-Image-2025-09-01-at-09.01.25-1.jpeg 1170w\" sizes=\"auto, (max-width: 768px) 100vw, 768px\" \/><\/a><\/figure>\n\n\n\n<figure class=\"wp-block-image size-large\"><a href=\"https:\/\/diadianoticias.com.br\/wp-content\/uploads\/2025\/09\/WhatsApp-Image-2025-09-01-at-09.01.25-2.jpeg\"><img loading=\"lazy\" decoding=\"async\" width=\"768\" height=\"1024\" data-id=\"52466\" src=\"https:\/\/diadianoticias.com.br\/wp-content\/uploads\/2025\/09\/WhatsApp-Image-2025-09-01-at-09.01.25-2-768x1024.jpeg\" alt=\"\" class=\"wp-image-52466\" srcset=\"https:\/\/diadianoticias.com.br\/wp-content\/uploads\/2025\/09\/WhatsApp-Image-2025-09-01-at-09.01.25-2-768x1024.jpeg 768w, https:\/\/diadianoticias.com.br\/wp-content\/uploads\/2025\/09\/WhatsApp-Image-2025-09-01-at-09.01.25-2-225x300.jpeg 225w, https:\/\/diadianoticias.com.br\/wp-content\/uploads\/2025\/09\/WhatsApp-Image-2025-09-01-at-09.01.25-2-1152x1536.jpeg 1152w, https:\/\/diadianoticias.com.br\/wp-content\/uploads\/2025\/09\/WhatsApp-Image-2025-09-01-at-09.01.25-2.jpeg 1170w\" sizes=\"auto, (max-width: 768px) 100vw, 768px\" \/><\/a><\/figure>\n<\/figure>\n","protected":false},"excerpt":{"rendered":"<div class=\"mh-excerpt\"><p>Um homem, de 24 anos, ficou ferido ao sofrer uma queda com uma motocicleta, na rodovia PR-567, que liga a rodovia PR-323 ao distrito de S\u00e3o Louren\u00e7o, em Cianorte. O acidente ocorreu na manh\u00e3 desse <a class=\"mh-excerpt-more\" href=\"https:\/\/diadianoticias.com.br\/?p=52462\" title=\"Homem fica ferido ao sofrer queda com motocicleta, na rodovia PR-567, entre Cianorte e o distrito de S\u00e3o Louren\u00e7o\">[&#8230;]<\/a><\/p>\n<\/div>","protected":false},"author":4,"featured_media":52463,"comment_status":"open","ping_status":"open","sticky":false,"template":"","format":"standard","meta":{"footnotes":""},"categories":[32,11],"tags":[],"class_list":{"0":"post-52462","1":"post","2":"type-post","3":"status-publish","4":"format-standard","5":"has-post-thumbnail","7":"category-destaque","8":"category-diversas"},"_links":{"self":[{"href":"https:\/\/diadianoticias.com.br\/index.php?rest_route=\/wp\/v2\/posts\/52462","targetHints":{"allow":["GET"]}}],"collection":[{"href":"https:\/\/diadianoticias.com.br\/index.php?rest_route=\/wp\/v2\/posts"}],"about":[{"href":"https:\/\/diadianoticias.com.br\/index.php?rest_route=\/wp\/v2\/types\/post"}],"author":[{"embeddable":true,"href":"https:\/\/diadianoticias.com.br\/index.php?rest_route=\/wp\/v2\/users\/4"}],"replies":[{"embeddable":true,"href":"https:\/\/diadianoticias.com.br\/index.php?rest_route=%2Fwp%2Fv2%2Fcomments&post=52462"}],"version-history":[{"count":1,"href":"https:\/\/diadianoticias.com.br\/index.php?rest_route=\/wp\/v2\/posts\/52462\/revisions"}],"predecessor-version":[{"id":52467,"href":"https:\/\/diadianoticias.com.br\/index.php?rest_route=\/wp\/v2\/posts\/52462\/revisions\/52467"}],"wp:featuredmedia":[{"embeddable":true,"href":"https:\/\/diadianoticias.com.br\/index.php?rest_route=\/wp\/v2\/media\/52463"}],"wp:attachment":[{"href":"https:\/\/diadianoticias.com.br\/index.php?rest_route=%2Fwp%2Fv2%2Fmedia&parent=52462"}],"wp:term":[{"taxonomy":"category","embeddable":true,"href":"https:\/\/diadianoticias.com.br\/index.php?rest_route=%2Fwp%2Fv2%2Fcategories&post=52462"},{"taxonomy":"post_tag","embeddable":true,"href":"https:\/\/diadianoticias.com.br\/index.php?rest_route=%2Fwp%2Fv2%2Ftags&post=52462"}],"curies":[{"name":"wp","href":"https:\/\/api.w.org\/{rel}","templated":true}]}}