{"id":52456,"date":"2025-08-29T17:59:40","date_gmt":"2025-08-29T17:59:40","guid":{"rendered":"https:\/\/diadianoticias.com.br\/?p=52456"},"modified":"2025-08-29T17:59:41","modified_gmt":"2025-08-29T17:59:41","slug":"foragido-da-penitenciaria-de-cruzeiro-do-oeste-e-preso-por-policiais-civis-e-militares","status":"publish","type":"post","link":"https:\/\/diadianoticias.com.br\/?p=52456","title":{"rendered":"Foragido da Penitenci\u00e1ria de Cruzeiro do Oeste \u00e9 preso por policiais civis e militares"},"content":{"rendered":"\n<p>Um homem, de 26 anos, considerado como foragido da Penitenci\u00e1ria Estadual de Cruzeiro do Oeste (PECO), foi preso por policiais civis e militares na tarde desta sexta-feira (29), em Goioer\u00ea-PR. A pris\u00e3o ocorreu durante o cumprimento a um mandado de recaptura.<\/p>\n\n\n\n<p>O indiv\u00edduo se evadiu da Penitenci\u00e1ria Estadual de Cruzeiro Do Oeste no dia 4 de agosto de 2025, motivo pelo qual se deu a pris\u00e3o. &nbsp;Ap\u00f3s os procedimentos, o homem foi encaminhado \u00e0 Cadeia P\u00fablica de Goioer\u00ea, onde permanecer\u00e1 a disposi\u00e7\u00e3o da Justi\u00e7a.<\/p>\n\n\n\n<p>(Reda\u00e7\u00e3o Dia a Dia Not\u00edcias, com informa\u00e7\u00f5es da Pol\u00edcia Civil)<\/p>\n","protected":false},"excerpt":{"rendered":"<div class=\"mh-excerpt\"><p>Um homem, de 26 anos, considerado como foragido da Penitenci\u00e1ria Estadual de Cruzeiro do Oeste (PECO), foi preso por policiais civis e militares na tarde desta sexta-feira (29), em Goioer\u00ea-PR. A pris\u00e3o ocorreu durante o <a class=\"mh-excerpt-more\" href=\"https:\/\/diadianoticias.com.br\/?p=52456\" title=\"Foragido da Penitenci\u00e1ria de Cruzeiro do Oeste \u00e9 preso por policiais civis e militares\">[&#8230;]<\/a><\/p>\n<\/div>","protected":false},"author":4,"featured_media":52457,"comment_status":"open","ping_status":"open","sticky":false,"template":"","format":"standard","meta":{"footnotes":""},"categories":[32,5],"tags":[],"class_list":{"0":"post-52456","1":"post","2":"type-post","3":"status-publish","4":"format-standard","5":"has-post-thumbnail","7":"category-destaque","8":"category-policiais"},"_links":{"self":[{"href":"https:\/\/diadianoticias.com.br\/index.php?rest_route=\/wp\/v2\/posts\/52456","targetHints":{"allow":["GET"]}}],"collection":[{"href":"https:\/\/diadianoticias.com.br\/index.php?rest_route=\/wp\/v2\/posts"}],"about":[{"href":"https:\/\/diadianoticias.com.br\/index.php?rest_route=\/wp\/v2\/types\/post"}],"author":[{"embeddable":true,"href":"https:\/\/diadianoticias.com.br\/index.php?rest_route=\/wp\/v2\/users\/4"}],"replies":[{"embeddable":true,"href":"https:\/\/diadianoticias.com.br\/index.php?rest_route=%2Fwp%2Fv2%2Fcomments&post=52456"}],"version-history":[{"count":1,"href":"https:\/\/diadianoticias.com.br\/index.php?rest_route=\/wp\/v2\/posts\/52456\/revisions"}],"predecessor-version":[{"id":52458,"href":"https:\/\/diadianoticias.com.br\/index.php?rest_route=\/wp\/v2\/posts\/52456\/revisions\/52458"}],"wp:featuredmedia":[{"embeddable":true,"href":"https:\/\/diadianoticias.com.br\/index.php?rest_route=\/wp\/v2\/media\/52457"}],"wp:attachment":[{"href":"https:\/\/diadianoticias.com.br\/index.php?rest_route=%2Fwp%2Fv2%2Fmedia&parent=52456"}],"wp:term":[{"taxonomy":"category","embeddable":true,"href":"https:\/\/diadianoticias.com.br\/index.php?rest_route=%2Fwp%2Fv2%2Fcategories&post=52456"},{"taxonomy":"post_tag","embeddable":true,"href":"https:\/\/diadianoticias.com.br\/index.php?rest_route=%2Fwp%2Fv2%2Ftags&post=52456"}],"curies":[{"name":"wp","href":"https:\/\/api.w.org\/{rel}","templated":true}]}}