{"id":52389,"date":"2025-08-27T12:34:56","date_gmt":"2025-08-27T12:34:56","guid":{"rendered":"https:\/\/diadianoticias.com.br\/?p=52389"},"modified":"2025-08-27T12:34:58","modified_gmt":"2025-08-27T12:34:58","slug":"veiculo-colide-contra-traseira-de-caminhao-que-fazia-manutencao-em-rodovia-e-duas-pessoas-ficam-feridas-na-pr-454","status":"publish","type":"post","link":"https:\/\/diadianoticias.com.br\/?p=52389","title":{"rendered":"Ve\u00edculo colide contra traseira de caminh\u00e3o que fazia manuten\u00e7\u00e3o em rodovia, e duas pessoas ficam feridas, na PR-454"},"content":{"rendered":"\n<p>Duas pessoas ficaram feridas em uma colis\u00e3o envolvendo um caminh\u00e3o e uma caminhonete, na rodovia PR-454, em Astorga-PR. O acidente ocorreu na manh\u00e3 dessa ter\u00e7a-feira (26), por volta das 10h30.<\/p>\n\n\n\n<p>Segundo a Pol\u00edcia Rodovi\u00e1ria, conforme vest\u00edgios encontrados no local e declara\u00e7\u00e3o do condutor do caminh\u00e3o, o mesmo estava trabalhando na manuten\u00e7\u00e3o da rodovia PR-454, no KM 27+500m, com o caminh\u00e3o parado sobre a via, sinalizada com cones, quando o ve\u00edculo VW\/Saveiro, que seguia no sentido de Astorga para o distrito de Tupinamb\u00e1, chocou-se contra a traseira do caminh\u00e3o.<\/p>\n\n\n\n<p>O impacto causou ferimentos no condutor e no passageiro do ve\u00edculo Saveiro, sendo os mesmos socorridos, pela equipe do SAMU, ao Hospital Cristo Rei de Astorga. J\u00e1 o condutor do caminh\u00e3o VW, nada sofreu e foi submetido ao teste etilom\u00e9trico, tendo como resultado 0,00 Mg\/L (negativo).<\/p>\n\n\n\n<p>(Reda\u00e7\u00e3o Dia a Dia Not\u00edcias, com informa\u00e7\u00f5es da Pol\u00edcia Rodovi\u00e1ria)<\/p>\n","protected":false},"excerpt":{"rendered":"<div class=\"mh-excerpt\"><p>Duas pessoas ficaram feridas em uma colis\u00e3o envolvendo um caminh\u00e3o e uma caminhonete, na rodovia PR-454, em Astorga-PR. O acidente ocorreu na manh\u00e3 dessa ter\u00e7a-feira (26), por volta das 10h30. Segundo a Pol\u00edcia Rodovi\u00e1ria, conforme <a class=\"mh-excerpt-more\" href=\"https:\/\/diadianoticias.com.br\/?p=52389\" title=\"Ve\u00edculo colide contra traseira de caminh\u00e3o que fazia manuten\u00e7\u00e3o em rodovia, e duas pessoas ficam feridas, na PR-454\">[&#8230;]<\/a><\/p>\n<\/div>","protected":false},"author":4,"featured_media":52390,"comment_status":"open","ping_status":"open","sticky":false,"template":"","format":"standard","meta":{"footnotes":""},"categories":[32,11],"tags":[],"class_list":{"0":"post-52389","1":"post","2":"type-post","3":"status-publish","4":"format-standard","5":"has-post-thumbnail","7":"category-destaque","8":"category-diversas"},"_links":{"self":[{"href":"https:\/\/diadianoticias.com.br\/index.php?rest_route=\/wp\/v2\/posts\/52389","targetHints":{"allow":["GET"]}}],"collection":[{"href":"https:\/\/diadianoticias.com.br\/index.php?rest_route=\/wp\/v2\/posts"}],"about":[{"href":"https:\/\/diadianoticias.com.br\/index.php?rest_route=\/wp\/v2\/types\/post"}],"author":[{"embeddable":true,"href":"https:\/\/diadianoticias.com.br\/index.php?rest_route=\/wp\/v2\/users\/4"}],"replies":[{"embeddable":true,"href":"https:\/\/diadianoticias.com.br\/index.php?rest_route=%2Fwp%2Fv2%2Fcomments&post=52389"}],"version-history":[{"count":1,"href":"https:\/\/diadianoticias.com.br\/index.php?rest_route=\/wp\/v2\/posts\/52389\/revisions"}],"predecessor-version":[{"id":52391,"href":"https:\/\/diadianoticias.com.br\/index.php?rest_route=\/wp\/v2\/posts\/52389\/revisions\/52391"}],"wp:featuredmedia":[{"embeddable":true,"href":"https:\/\/diadianoticias.com.br\/index.php?rest_route=\/wp\/v2\/media\/52390"}],"wp:attachment":[{"href":"https:\/\/diadianoticias.com.br\/index.php?rest_route=%2Fwp%2Fv2%2Fmedia&parent=52389"}],"wp:term":[{"taxonomy":"category","embeddable":true,"href":"https:\/\/diadianoticias.com.br\/index.php?rest_route=%2Fwp%2Fv2%2Fcategories&post=52389"},{"taxonomy":"post_tag","embeddable":true,"href":"https:\/\/diadianoticias.com.br\/index.php?rest_route=%2Fwp%2Fv2%2Ftags&post=52389"}],"curies":[{"name":"wp","href":"https:\/\/api.w.org\/{rel}","templated":true}]}}