{"id":52369,"date":"2025-08-26T18:16:51","date_gmt":"2025-08-26T18:16:51","guid":{"rendered":"https:\/\/diadianoticias.com.br\/?p=52369"},"modified":"2025-08-26T18:16:53","modified_gmt":"2025-08-26T18:16:53","slug":"motorista-e-preso-com-mais-de-160-quilos-de-cabelo-humano-em-veiculo","status":"publish","type":"post","link":"https:\/\/diadianoticias.com.br\/?p=52369","title":{"rendered":"Motorista \u00e9 preso com mais de 160 quilos de cabelo humano em ve\u00edculo"},"content":{"rendered":"\n<p>Um homem, de 43 anos, foi preso por policiais rodovi\u00e1rios federais, na noite desta segunda-feira (25), ao ser flagrado com aproximadamente 161,5 quilos de cabelo humano, de origem estrangeira, sem comprova\u00e7\u00e3o de regulariza\u00e7\u00e3o fiscal. A ocorr\u00eancia foi registrada no km 0 da PR-486, em Perobal (PR).<\/p>\n\n\n\n<p>Por volta das 19h40 a equipe abordou um ve\u00edculo Suzuki\/SX4 azul, com placas de S\u00e3o Paulo. O carro era conduzido por um homem de 43 anos, que demonstrou nervosismo durante a fiscaliza\u00e7\u00e3o e apresentou informa\u00e7\u00f5es contradit\u00f3rias sobre sua viagem.<\/p>\n\n\n\n<p>No interior do ve\u00edculo, os policiais localizaram seis malas carregadas com mechas de cabelo humano. O condutor admitiu que adquiriu a mercadoria por US$ 15 mil. Em sites de venda online, essa quantidade de cabelo \u00e9 vendida por 800 mil reais, isso, em m\u00e9dia, equivale a mais de 10 vezes o valor pago pelo produto.<\/p>\n\n\n\n<p>O motorista declarou que pretendia revender o produto em sal\u00f5es de beleza no Estado de S\u00e3o Paulo. Ele foi preso em flagrante por contrabando e encaminhado, junto com o ve\u00edculo e o cabelo, \u00e0 Delegacia da Pol\u00edcia Federal em Gua\u00edra (PR) para os procedimentos legais cab\u00edveis.<\/p>\n\n\n\n<p>(Reda\u00e7\u00e3o Dia a Dia Not\u00edcias com informa\u00e7\u00f5es da PRF)<\/p>\n","protected":false},"excerpt":{"rendered":"<div class=\"mh-excerpt\"><p>Um homem, de 43 anos, foi preso por policiais rodovi\u00e1rios federais, na noite desta segunda-feira (25), ao ser flagrado com aproximadamente 161,5 quilos de cabelo humano, de origem estrangeira, sem comprova\u00e7\u00e3o de regulariza\u00e7\u00e3o fiscal. A <a class=\"mh-excerpt-more\" href=\"https:\/\/diadianoticias.com.br\/?p=52369\" title=\"Motorista \u00e9 preso com mais de 160 quilos de cabelo humano em ve\u00edculo\">[&#8230;]<\/a><\/p>\n<\/div>","protected":false},"author":4,"featured_media":52370,"comment_status":"open","ping_status":"open","sticky":false,"template":"","format":"standard","meta":{"footnotes":""},"categories":[32,5],"tags":[],"class_list":{"0":"post-52369","1":"post","2":"type-post","3":"status-publish","4":"format-standard","5":"has-post-thumbnail","7":"category-destaque","8":"category-policiais"},"_links":{"self":[{"href":"https:\/\/diadianoticias.com.br\/index.php?rest_route=\/wp\/v2\/posts\/52369","targetHints":{"allow":["GET"]}}],"collection":[{"href":"https:\/\/diadianoticias.com.br\/index.php?rest_route=\/wp\/v2\/posts"}],"about":[{"href":"https:\/\/diadianoticias.com.br\/index.php?rest_route=\/wp\/v2\/types\/post"}],"author":[{"embeddable":true,"href":"https:\/\/diadianoticias.com.br\/index.php?rest_route=\/wp\/v2\/users\/4"}],"replies":[{"embeddable":true,"href":"https:\/\/diadianoticias.com.br\/index.php?rest_route=%2Fwp%2Fv2%2Fcomments&post=52369"}],"version-history":[{"count":1,"href":"https:\/\/diadianoticias.com.br\/index.php?rest_route=\/wp\/v2\/posts\/52369\/revisions"}],"predecessor-version":[{"id":52371,"href":"https:\/\/diadianoticias.com.br\/index.php?rest_route=\/wp\/v2\/posts\/52369\/revisions\/52371"}],"wp:featuredmedia":[{"embeddable":true,"href":"https:\/\/diadianoticias.com.br\/index.php?rest_route=\/wp\/v2\/media\/52370"}],"wp:attachment":[{"href":"https:\/\/diadianoticias.com.br\/index.php?rest_route=%2Fwp%2Fv2%2Fmedia&parent=52369"}],"wp:term":[{"taxonomy":"category","embeddable":true,"href":"https:\/\/diadianoticias.com.br\/index.php?rest_route=%2Fwp%2Fv2%2Fcategories&post=52369"},{"taxonomy":"post_tag","embeddable":true,"href":"https:\/\/diadianoticias.com.br\/index.php?rest_route=%2Fwp%2Fv2%2Ftags&post=52369"}],"curies":[{"name":"wp","href":"https:\/\/api.w.org\/{rel}","templated":true}]}}