{"id":52344,"date":"2025-08-26T12:43:45","date_gmt":"2025-08-26T12:43:45","guid":{"rendered":"https:\/\/diadianoticias.com.br\/?p=52344"},"modified":"2025-08-26T12:43:47","modified_gmt":"2025-08-26T12:43:47","slug":"motociclista-fica-ferido-ao-ter-moto-atingida-na-traseira-por-caminhao-na-pr-082","status":"publish","type":"post","link":"https:\/\/diadianoticias.com.br\/?p=52344","title":{"rendered":"Motociclista fica ferido, ao ter moto atingida na traseira por caminh\u00e3o, na PR-082"},"content":{"rendered":"\n<p>Um homem ficou ferido ao ter a motocicleta atingida na traseira por um caminh\u00e3o, na rodovia PR-082, em Cianorte. O acidente ocorreu na tarde dessa segunda-feira (25), por volta das 14h45, no trecho entre Terra Boa e Cianorte.<\/p>\n\n\n\n<p>Segundo a Pol\u00edcia Rodovi\u00e1ria, de acordo com vest\u00edgios encontrados no local e relato de um dos envolvidos, o caminh\u00e3o IVECO\/DAILY6012 CC1 e a motocicleta Honda\/CG 150 Titan KS trafegavam pela rodovia PR-082, no sentido de Terra Boa a Cianorte, quando ao se aproximar de local com sinaliza\u00e7\u00e3o de obra na pista (pare\/siga), o condutor da motocicleta parou o ve\u00edculo, acreditando estar interditado, mesmo a pista estando liberada.<\/p>\n\n\n\n<p>Nesse momento, o caminh\u00e3o acabou colidindo contra a traseira da motocicleta. Com o impacto, o condutor da moto ficou ferido e foi atendido por uma equipe de socorro, sendo encaminhado para melhor avalia\u00e7\u00e3o m\u00e9dica. O motorista do caminh\u00e3o realizou o teste etilom\u00e9trico, aferindo 0,00 mg\/l.<\/p>\n\n\n\n<p>(Reda\u00e7\u00e3o Dia a Dia Not\u00edcias, com informa\u00e7\u00f5es da Pol\u00edcia Rodovi\u00e1ria)<\/p>\n","protected":false},"excerpt":{"rendered":"<div class=\"mh-excerpt\"><p>Um homem ficou ferido ao ter a motocicleta atingida na traseira por um caminh\u00e3o, na rodovia PR-082, em Cianorte. O acidente ocorreu na tarde dessa segunda-feira (25), por volta das 14h45, no trecho entre Terra <a class=\"mh-excerpt-more\" href=\"https:\/\/diadianoticias.com.br\/?p=52344\" title=\"Motociclista fica ferido, ao ter moto atingida na traseira por caminh\u00e3o, na PR-082\">[&#8230;]<\/a><\/p>\n<\/div>","protected":false},"author":4,"featured_media":52345,"comment_status":"open","ping_status":"open","sticky":false,"template":"","format":"standard","meta":{"footnotes":""},"categories":[32,11],"tags":[],"class_list":{"0":"post-52344","1":"post","2":"type-post","3":"status-publish","4":"format-standard","5":"has-post-thumbnail","7":"category-destaque","8":"category-diversas"},"_links":{"self":[{"href":"https:\/\/diadianoticias.com.br\/index.php?rest_route=\/wp\/v2\/posts\/52344","targetHints":{"allow":["GET"]}}],"collection":[{"href":"https:\/\/diadianoticias.com.br\/index.php?rest_route=\/wp\/v2\/posts"}],"about":[{"href":"https:\/\/diadianoticias.com.br\/index.php?rest_route=\/wp\/v2\/types\/post"}],"author":[{"embeddable":true,"href":"https:\/\/diadianoticias.com.br\/index.php?rest_route=\/wp\/v2\/users\/4"}],"replies":[{"embeddable":true,"href":"https:\/\/diadianoticias.com.br\/index.php?rest_route=%2Fwp%2Fv2%2Fcomments&post=52344"}],"version-history":[{"count":1,"href":"https:\/\/diadianoticias.com.br\/index.php?rest_route=\/wp\/v2\/posts\/52344\/revisions"}],"predecessor-version":[{"id":52346,"href":"https:\/\/diadianoticias.com.br\/index.php?rest_route=\/wp\/v2\/posts\/52344\/revisions\/52346"}],"wp:featuredmedia":[{"embeddable":true,"href":"https:\/\/diadianoticias.com.br\/index.php?rest_route=\/wp\/v2\/media\/52345"}],"wp:attachment":[{"href":"https:\/\/diadianoticias.com.br\/index.php?rest_route=%2Fwp%2Fv2%2Fmedia&parent=52344"}],"wp:term":[{"taxonomy":"category","embeddable":true,"href":"https:\/\/diadianoticias.com.br\/index.php?rest_route=%2Fwp%2Fv2%2Fcategories&post=52344"},{"taxonomy":"post_tag","embeddable":true,"href":"https:\/\/diadianoticias.com.br\/index.php?rest_route=%2Fwp%2Fv2%2Ftags&post=52344"}],"curies":[{"name":"wp","href":"https:\/\/api.w.org\/{rel}","templated":true}]}}