{"id":51695,"date":"2025-07-31T11:21:33","date_gmt":"2025-07-31T11:21:33","guid":{"rendered":"https:\/\/diadianoticias.com.br\/?p=51695"},"modified":"2025-07-31T11:21:35","modified_gmt":"2025-07-31T11:21:35","slug":"motociclista-sofre-queda-e-acaba-morrendo-apos-ser-atropelado-por-carros-na-pr-317","status":"publish","type":"post","link":"https:\/\/diadianoticias.com.br\/?p=51695","title":{"rendered":"Motociclista sofre queda e acaba morrendo, ap\u00f3s ser atropelado por carros, na PR-317"},"content":{"rendered":"\n<p>Um homem, de 33 anos, morador de Floresta, morreu na noite dessa quarta-feira (30), ap\u00f3s sofrer uma queda com uma motocicleta, e ser atropelado por v\u00e1rios carros. O grave acidente ocorreu na rodovia PR-317, nas proximidades do Aeroporto de Maring\u00e1.<\/p>\n\n\n\n<p>De acordo com o Corpo de Bombeiros, o motociclista seguia no sentido a Floresta quando, por raz\u00f5es ainda desconhecidas, perdeu o controle da moto e caiu na pista. Na sequ\u00eancia, outros ve\u00edculos que trafegavam pela rodovia acabaram n\u00e3o conseguindo desviar, e passaram por cima da v\u00edtima.<\/p>\n\n\n\n<p>O Servi\u00e7o de Atendimento M\u00f3vel de Urg\u00eancia (Samu) foi acionado, mas a equipe m\u00e9dica apenas p\u00f4de constatar o \u00f3bito. Segundo as autoridades, apenas um dos motoristas envolvidos parou no local para prestar esclarecimentos.<\/p>\n\n\n\n<p>A cena do acidente foi isolada para o trabalho da Pol\u00edcia Cient\u00edfica, e o corpo foi encaminhado ao Instituto M\u00e9dico Legal (IML) de Maring\u00e1. A v\u00edtima deixa esposa e quatro filhos.<\/p>\n\n\n\n<p>(Fonte \u2013 Plant\u00e3o Maring\u00e1)<\/p>\n\n\n\n<figure class=\"wp-block-gallery has-nested-images columns-default is-cropped wp-block-gallery-1 is-layout-flex wp-block-gallery-is-layout-flex\">\n<figure class=\"wp-block-image size-large\"><a href=\"https:\/\/diadianoticias.com.br\/wp-content\/uploads\/2025\/07\/motociclista-morre-apos-ser-atropelado-por-varios-veiculos-na-pr-317-em-maringa-4.jpg\"><img loading=\"lazy\" decoding=\"async\" width=\"1024\" height=\"768\" data-id=\"51696\" src=\"https:\/\/diadianoticias.com.br\/wp-content\/uploads\/2025\/07\/motociclista-morre-apos-ser-atropelado-por-varios-veiculos-na-pr-317-em-maringa-4-1024x768.jpg\" alt=\"\" class=\"wp-image-51696\" srcset=\"https:\/\/diadianoticias.com.br\/wp-content\/uploads\/2025\/07\/motociclista-morre-apos-ser-atropelado-por-varios-veiculos-na-pr-317-em-maringa-4-1024x768.jpg 1024w, https:\/\/diadianoticias.com.br\/wp-content\/uploads\/2025\/07\/motociclista-morre-apos-ser-atropelado-por-varios-veiculos-na-pr-317-em-maringa-4-300x225.jpg 300w, https:\/\/diadianoticias.com.br\/wp-content\/uploads\/2025\/07\/motociclista-morre-apos-ser-atropelado-por-varios-veiculos-na-pr-317-em-maringa-4-768x576.jpg 768w, https:\/\/diadianoticias.com.br\/wp-content\/uploads\/2025\/07\/motociclista-morre-apos-ser-atropelado-por-varios-veiculos-na-pr-317-em-maringa-4-678x509.jpg 678w, https:\/\/diadianoticias.com.br\/wp-content\/uploads\/2025\/07\/motociclista-morre-apos-ser-atropelado-por-varios-veiculos-na-pr-317-em-maringa-4-326x245.jpg 326w, https:\/\/diadianoticias.com.br\/wp-content\/uploads\/2025\/07\/motociclista-morre-apos-ser-atropelado-por-varios-veiculos-na-pr-317-em-maringa-4-80x60.jpg 80w, https:\/\/diadianoticias.com.br\/wp-content\/uploads\/2025\/07\/motociclista-morre-apos-ser-atropelado-por-varios-veiculos-na-pr-317-em-maringa-4.jpg 1280w\" sizes=\"auto, (max-width: 1024px) 100vw, 1024px\" \/><\/a><\/figure>\n\n\n\n<figure class=\"wp-block-image size-large\"><a href=\"https:\/\/diadianoticias.com.br\/wp-content\/uploads\/2025\/07\/motociclista-morre-apos-ser-atropelado-por-varios-veiculos-na-pr-317-em-maringa-7.jpg\"><img loading=\"lazy\" decoding=\"async\" width=\"1024\" height=\"768\" data-id=\"51698\" src=\"https:\/\/diadianoticias.com.br\/wp-content\/uploads\/2025\/07\/motociclista-morre-apos-ser-atropelado-por-varios-veiculos-na-pr-317-em-maringa-7-1024x768.jpg\" alt=\"\" class=\"wp-image-51698\" srcset=\"https:\/\/diadianoticias.com.br\/wp-content\/uploads\/2025\/07\/motociclista-morre-apos-ser-atropelado-por-varios-veiculos-na-pr-317-em-maringa-7-1024x768.jpg 1024w, https:\/\/diadianoticias.com.br\/wp-content\/uploads\/2025\/07\/motociclista-morre-apos-ser-atropelado-por-varios-veiculos-na-pr-317-em-maringa-7-300x225.jpg 300w, https:\/\/diadianoticias.com.br\/wp-content\/uploads\/2025\/07\/motociclista-morre-apos-ser-atropelado-por-varios-veiculos-na-pr-317-em-maringa-7-768x576.jpg 768w, https:\/\/diadianoticias.com.br\/wp-content\/uploads\/2025\/07\/motociclista-morre-apos-ser-atropelado-por-varios-veiculos-na-pr-317-em-maringa-7-678x509.jpg 678w, https:\/\/diadianoticias.com.br\/wp-content\/uploads\/2025\/07\/motociclista-morre-apos-ser-atropelado-por-varios-veiculos-na-pr-317-em-maringa-7-326x245.jpg 326w, https:\/\/diadianoticias.com.br\/wp-content\/uploads\/2025\/07\/motociclista-morre-apos-ser-atropelado-por-varios-veiculos-na-pr-317-em-maringa-7-80x60.jpg 80w, https:\/\/diadianoticias.com.br\/wp-content\/uploads\/2025\/07\/motociclista-morre-apos-ser-atropelado-por-varios-veiculos-na-pr-317-em-maringa-7.jpg 1280w\" sizes=\"auto, (max-width: 1024px) 100vw, 1024px\" \/><\/a><\/figure>\n\n\n\n<figure class=\"wp-block-image size-large\"><a href=\"https:\/\/diadianoticias.com.br\/wp-content\/uploads\/2025\/07\/WhatsApp-Image-2025-07-31-at-08.19.32.jpeg\"><img loading=\"lazy\" decoding=\"async\" width=\"1024\" height=\"768\" data-id=\"51699\" src=\"https:\/\/diadianoticias.com.br\/wp-content\/uploads\/2025\/07\/WhatsApp-Image-2025-07-31-at-08.19.32-1024x768.jpeg\" alt=\"\" class=\"wp-image-51699\" srcset=\"https:\/\/diadianoticias.com.br\/wp-content\/uploads\/2025\/07\/WhatsApp-Image-2025-07-31-at-08.19.32-1024x768.jpeg 1024w, https:\/\/diadianoticias.com.br\/wp-content\/uploads\/2025\/07\/WhatsApp-Image-2025-07-31-at-08.19.32-300x225.jpeg 300w, https:\/\/diadianoticias.com.br\/wp-content\/uploads\/2025\/07\/WhatsApp-Image-2025-07-31-at-08.19.32-768x576.jpeg 768w, https:\/\/diadianoticias.com.br\/wp-content\/uploads\/2025\/07\/WhatsApp-Image-2025-07-31-at-08.19.32-678x509.jpeg 678w, https:\/\/diadianoticias.com.br\/wp-content\/uploads\/2025\/07\/WhatsApp-Image-2025-07-31-at-08.19.32-326x245.jpeg 326w, https:\/\/diadianoticias.com.br\/wp-content\/uploads\/2025\/07\/WhatsApp-Image-2025-07-31-at-08.19.32-80x60.jpeg 80w, https:\/\/diadianoticias.com.br\/wp-content\/uploads\/2025\/07\/WhatsApp-Image-2025-07-31-at-08.19.32.jpeg 1280w\" sizes=\"auto, (max-width: 1024px) 100vw, 1024px\" \/><\/a><\/figure>\n\n\n\n<figure class=\"wp-block-image size-large\"><a href=\"https:\/\/diadianoticias.com.br\/wp-content\/uploads\/2025\/07\/motociclista-morre-apos-ser-atropelado-por-varios-veiculos-na-pr-317-em-maringa-3.jpg\"><img loading=\"lazy\" decoding=\"async\" width=\"1024\" height=\"768\" data-id=\"51697\" src=\"https:\/\/diadianoticias.com.br\/wp-content\/uploads\/2025\/07\/motociclista-morre-apos-ser-atropelado-por-varios-veiculos-na-pr-317-em-maringa-3-1024x768.jpg\" alt=\"\" class=\"wp-image-51697\" srcset=\"https:\/\/diadianoticias.com.br\/wp-content\/uploads\/2025\/07\/motociclista-morre-apos-ser-atropelado-por-varios-veiculos-na-pr-317-em-maringa-3-1024x768.jpg 1024w, https:\/\/diadianoticias.com.br\/wp-content\/uploads\/2025\/07\/motociclista-morre-apos-ser-atropelado-por-varios-veiculos-na-pr-317-em-maringa-3-300x225.jpg 300w, https:\/\/diadianoticias.com.br\/wp-content\/uploads\/2025\/07\/motociclista-morre-apos-ser-atropelado-por-varios-veiculos-na-pr-317-em-maringa-3-768x576.jpg 768w, https:\/\/diadianoticias.com.br\/wp-content\/uploads\/2025\/07\/motociclista-morre-apos-ser-atropelado-por-varios-veiculos-na-pr-317-em-maringa-3-678x509.jpg 678w, https:\/\/diadianoticias.com.br\/wp-content\/uploads\/2025\/07\/motociclista-morre-apos-ser-atropelado-por-varios-veiculos-na-pr-317-em-maringa-3-326x245.jpg 326w, https:\/\/diadianoticias.com.br\/wp-content\/uploads\/2025\/07\/motociclista-morre-apos-ser-atropelado-por-varios-veiculos-na-pr-317-em-maringa-3-80x60.jpg 80w, https:\/\/diadianoticias.com.br\/wp-content\/uploads\/2025\/07\/motociclista-morre-apos-ser-atropelado-por-varios-veiculos-na-pr-317-em-maringa-3.jpg 1280w\" sizes=\"auto, (max-width: 1024px) 100vw, 1024px\" \/><\/a><\/figure>\n<\/figure>\n","protected":false},"excerpt":{"rendered":"<div class=\"mh-excerpt\"><p>Um homem, de 33 anos, morador de Floresta, morreu na noite dessa quarta-feira (30), ap\u00f3s sofrer uma queda com uma motocicleta, e ser atropelado por v\u00e1rios carros. O grave acidente ocorreu na rodovia PR-317, nas <a class=\"mh-excerpt-more\" href=\"https:\/\/diadianoticias.com.br\/?p=51695\" title=\"Motociclista sofre queda e acaba morrendo, ap\u00f3s ser atropelado por carros, na PR-317\">[&#8230;]<\/a><\/p>\n<\/div>","protected":false},"author":4,"featured_media":51697,"comment_status":"open","ping_status":"open","sticky":false,"template":"","format":"standard","meta":{"footnotes":""},"categories":[32,11],"tags":[],"class_list":{"0":"post-51695","1":"post","2":"type-post","3":"status-publish","4":"format-standard","5":"has-post-thumbnail","7":"category-destaque","8":"category-diversas"},"_links":{"self":[{"href":"https:\/\/diadianoticias.com.br\/index.php?rest_route=\/wp\/v2\/posts\/51695","targetHints":{"allow":["GET"]}}],"collection":[{"href":"https:\/\/diadianoticias.com.br\/index.php?rest_route=\/wp\/v2\/posts"}],"about":[{"href":"https:\/\/diadianoticias.com.br\/index.php?rest_route=\/wp\/v2\/types\/post"}],"author":[{"embeddable":true,"href":"https:\/\/diadianoticias.com.br\/index.php?rest_route=\/wp\/v2\/users\/4"}],"replies":[{"embeddable":true,"href":"https:\/\/diadianoticias.com.br\/index.php?rest_route=%2Fwp%2Fv2%2Fcomments&post=51695"}],"version-history":[{"count":1,"href":"https:\/\/diadianoticias.com.br\/index.php?rest_route=\/wp\/v2\/posts\/51695\/revisions"}],"predecessor-version":[{"id":51700,"href":"https:\/\/diadianoticias.com.br\/index.php?rest_route=\/wp\/v2\/posts\/51695\/revisions\/51700"}],"wp:featuredmedia":[{"embeddable":true,"href":"https:\/\/diadianoticias.com.br\/index.php?rest_route=\/wp\/v2\/media\/51697"}],"wp:attachment":[{"href":"https:\/\/diadianoticias.com.br\/index.php?rest_route=%2Fwp%2Fv2%2Fmedia&parent=51695"}],"wp:term":[{"taxonomy":"category","embeddable":true,"href":"https:\/\/diadianoticias.com.br\/index.php?rest_route=%2Fwp%2Fv2%2Fcategories&post=51695"},{"taxonomy":"post_tag","embeddable":true,"href":"https:\/\/diadianoticias.com.br\/index.php?rest_route=%2Fwp%2Fv2%2Ftags&post=51695"}],"curies":[{"name":"wp","href":"https:\/\/api.w.org\/{rel}","templated":true}]}}