{"id":51683,"date":"2025-07-30T21:32:07","date_gmt":"2025-07-30T21:32:07","guid":{"rendered":"https:\/\/diadianoticias.com.br\/?p=51683"},"modified":"2025-07-30T21:32:09","modified_gmt":"2025-07-30T21:32:09","slug":"motorista-e-preso-apos-ser-flagrado-com-carro-roubado-carregado-com-mais-de-450-quilos-de-maconha","status":"publish","type":"post","link":"https:\/\/diadianoticias.com.br\/?p=51683","title":{"rendered":"Motorista \u00e9 preso, ap\u00f3s ser flagrado com carro roubado, carregado com mais de 450 quilos de maconha"},"content":{"rendered":"\n<p>Um homem, de 46 anos, foi preso por policiais rodovi\u00e1rios federais, ap\u00f3s ser flagrado com um carro roubado, carregado com 455,5 quilos de maconha. A a\u00e7\u00e3o ocorreu na madrugada desta quarta-feira (30), durante fiscaliza\u00e7\u00e3o na rodovia BR-277, em Guarapuava (PR).<\/p>\n\n\n\n<p>Os policiais deram ordem de parada ao condutor de um ve\u00edculo Nissan Sentra e, durante a abordagem, foi poss\u00edvel visualizar, atrav\u00e9s do vidro, um pano preto sob o banco traseiro, que cobria alguns volumes suspeitos.<\/p>\n\n\n\n<p>Na fiscaliza\u00e7\u00e3o do interior do carro, os policiais localizaram diversos tabletes de maconha dispostos ao longo de toda a extens\u00e3o do banco traseiro, no assoalho dianteiro e tamb\u00e9m no porta-malas. Ap\u00f3s pesagem, a droga totalizou 455,5 quilos.<\/p>\n\n\n\n<p>O motorista informou que pegou o ve\u00edculo j\u00e1 carregado em Foz do Igua\u00e7u (PR), e levaria at\u00e9 S\u00e3o Paulo (SP). O ve\u00edculo ostentava placas falsas, tendo o autom\u00f3vel original com registro de roubo ocorrido em S\u00e3o Paulo no dia 2 de junho de 2025.<\/p>\n\n\n\n<p>Diante dos fatos, o homem foi preso e encaminhado, juntamente com o ve\u00edculo e a droga, para a Delegacia da Pol\u00edcia Civil de Guarapuava (PR), para as medidas cab\u00edveis.<\/p>\n\n\n\n<p>(Fonte \u2013 PRF)<\/p>\n","protected":false},"excerpt":{"rendered":"<div class=\"mh-excerpt\"><p>Um homem, de 46 anos, foi preso por policiais rodovi\u00e1rios federais, ap\u00f3s ser flagrado com um carro roubado, carregado com 455,5 quilos de maconha. A a\u00e7\u00e3o ocorreu na madrugada desta quarta-feira (30), durante fiscaliza\u00e7\u00e3o na <a class=\"mh-excerpt-more\" href=\"https:\/\/diadianoticias.com.br\/?p=51683\" title=\"Motorista \u00e9 preso, ap\u00f3s ser flagrado com carro roubado, carregado com mais de 450 quilos de maconha\">[&#8230;]<\/a><\/p>\n<\/div>","protected":false},"author":4,"featured_media":51684,"comment_status":"open","ping_status":"open","sticky":false,"template":"","format":"standard","meta":{"footnotes":""},"categories":[32,5],"tags":[],"class_list":{"0":"post-51683","1":"post","2":"type-post","3":"status-publish","4":"format-standard","5":"has-post-thumbnail","7":"category-destaque","8":"category-policiais"},"_links":{"self":[{"href":"https:\/\/diadianoticias.com.br\/index.php?rest_route=\/wp\/v2\/posts\/51683","targetHints":{"allow":["GET"]}}],"collection":[{"href":"https:\/\/diadianoticias.com.br\/index.php?rest_route=\/wp\/v2\/posts"}],"about":[{"href":"https:\/\/diadianoticias.com.br\/index.php?rest_route=\/wp\/v2\/types\/post"}],"author":[{"embeddable":true,"href":"https:\/\/diadianoticias.com.br\/index.php?rest_route=\/wp\/v2\/users\/4"}],"replies":[{"embeddable":true,"href":"https:\/\/diadianoticias.com.br\/index.php?rest_route=%2Fwp%2Fv2%2Fcomments&post=51683"}],"version-history":[{"count":1,"href":"https:\/\/diadianoticias.com.br\/index.php?rest_route=\/wp\/v2\/posts\/51683\/revisions"}],"predecessor-version":[{"id":51685,"href":"https:\/\/diadianoticias.com.br\/index.php?rest_route=\/wp\/v2\/posts\/51683\/revisions\/51685"}],"wp:featuredmedia":[{"embeddable":true,"href":"https:\/\/diadianoticias.com.br\/index.php?rest_route=\/wp\/v2\/media\/51684"}],"wp:attachment":[{"href":"https:\/\/diadianoticias.com.br\/index.php?rest_route=%2Fwp%2Fv2%2Fmedia&parent=51683"}],"wp:term":[{"taxonomy":"category","embeddable":true,"href":"https:\/\/diadianoticias.com.br\/index.php?rest_route=%2Fwp%2Fv2%2Fcategories&post=51683"},{"taxonomy":"post_tag","embeddable":true,"href":"https:\/\/diadianoticias.com.br\/index.php?rest_route=%2Fwp%2Fv2%2Ftags&post=51683"}],"curies":[{"name":"wp","href":"https:\/\/api.w.org\/{rel}","templated":true}]}}