{"id":51630,"date":"2025-07-29T13:10:35","date_gmt":"2025-07-29T13:10:35","guid":{"rendered":"https:\/\/diadianoticias.com.br\/?p=51630"},"modified":"2025-07-29T13:10:35","modified_gmt":"2025-07-29T13:10:35","slug":"mulher-tenta-se-defender-de-agressao-do-proprio-filho-e-fica-ferida-em-residencia","status":"publish","type":"post","link":"https:\/\/diadianoticias.com.br\/?p=51630","title":{"rendered":"Mulher tenta se defender de agress\u00e3o do pr\u00f3prio filho, e fica ferida, em resid\u00eancia"},"content":{"rendered":"\n<p>Uma mulher foi esfaqueada pelo pr\u00f3prio filho, na noite dessa segunda-feira (28), na Rua Igua\u00e7u, pr\u00f3ximo ao cruzamento com a Rua J\u00falio Favoretto, no bairro Vila Esperan\u00e7a, em Maring\u00e1.<\/p>\n\n\n\n<p>De acordo com a Pol\u00edcia Militar, a v\u00edtima relatou que possui uma medida protetiva contra o agressor, mas, mesmo assim, o rapaz estava morando com ela. Durante a noite, os dois se desentenderam e, em meio \u00e0 discuss\u00e3o, o homem se armou com uma faca e atacou a m\u00e3e. A mulher foi ferida na m\u00e3o ao tentar se defender.<\/p>\n\n\n\n<p>Uma equipe do Servi\u00e7o de Atendimento M\u00f3vel de Urg\u00eancia (Samu) foi acionada e realizou um curativo no local. A v\u00edtima recusou encaminhamento ao hospital. A Pol\u00edcia Civil vai investigar o caso.<\/p>\n\n\n\n<p>(Fonte \u2013 Plant\u00e3o Maring\u00e1)<\/p>\n\n\n\n<figure class=\"wp-block-gallery has-nested-images columns-default is-cropped wp-block-gallery-1 is-layout-flex wp-block-gallery-is-layout-flex\">\n<figure class=\"wp-block-image size-large\"><a href=\"https:\/\/diadianoticias.com.br\/wp-content\/uploads\/2025\/07\/WhatsApp-Image-2025-07-29-at-10.08.11.jpeg\"><img loading=\"lazy\" decoding=\"async\" width=\"1024\" height=\"768\" data-id=\"51632\" src=\"https:\/\/diadianoticias.com.br\/wp-content\/uploads\/2025\/07\/WhatsApp-Image-2025-07-29-at-10.08.11-1024x768.jpeg\" alt=\"\" class=\"wp-image-51632\" srcset=\"https:\/\/diadianoticias.com.br\/wp-content\/uploads\/2025\/07\/WhatsApp-Image-2025-07-29-at-10.08.11-1024x768.jpeg 1024w, https:\/\/diadianoticias.com.br\/wp-content\/uploads\/2025\/07\/WhatsApp-Image-2025-07-29-at-10.08.11-300x225.jpeg 300w, https:\/\/diadianoticias.com.br\/wp-content\/uploads\/2025\/07\/WhatsApp-Image-2025-07-29-at-10.08.11-768x576.jpeg 768w, https:\/\/diadianoticias.com.br\/wp-content\/uploads\/2025\/07\/WhatsApp-Image-2025-07-29-at-10.08.11-678x509.jpeg 678w, https:\/\/diadianoticias.com.br\/wp-content\/uploads\/2025\/07\/WhatsApp-Image-2025-07-29-at-10.08.11-326x245.jpeg 326w, https:\/\/diadianoticias.com.br\/wp-content\/uploads\/2025\/07\/WhatsApp-Image-2025-07-29-at-10.08.11-80x60.jpeg 80w, https:\/\/diadianoticias.com.br\/wp-content\/uploads\/2025\/07\/WhatsApp-Image-2025-07-29-at-10.08.11.jpeg 1280w\" sizes=\"auto, (max-width: 1024px) 100vw, 1024px\" \/><\/a><\/figure>\n\n\n\n<figure class=\"wp-block-image size-large\"><a href=\"https:\/\/diadianoticias.com.br\/wp-content\/uploads\/2025\/07\/WhatsApp-Image-2025-07-29-at-10.07.56.jpeg\"><img loading=\"lazy\" decoding=\"async\" width=\"1024\" height=\"768\" data-id=\"51631\" src=\"https:\/\/diadianoticias.com.br\/wp-content\/uploads\/2025\/07\/WhatsApp-Image-2025-07-29-at-10.07.56-1024x768.jpeg\" alt=\"\" class=\"wp-image-51631\" srcset=\"https:\/\/diadianoticias.com.br\/wp-content\/uploads\/2025\/07\/WhatsApp-Image-2025-07-29-at-10.07.56-1024x768.jpeg 1024w, https:\/\/diadianoticias.com.br\/wp-content\/uploads\/2025\/07\/WhatsApp-Image-2025-07-29-at-10.07.56-300x225.jpeg 300w, https:\/\/diadianoticias.com.br\/wp-content\/uploads\/2025\/07\/WhatsApp-Image-2025-07-29-at-10.07.56-768x576.jpeg 768w, https:\/\/diadianoticias.com.br\/wp-content\/uploads\/2025\/07\/WhatsApp-Image-2025-07-29-at-10.07.56-678x509.jpeg 678w, https:\/\/diadianoticias.com.br\/wp-content\/uploads\/2025\/07\/WhatsApp-Image-2025-07-29-at-10.07.56-326x245.jpeg 326w, https:\/\/diadianoticias.com.br\/wp-content\/uploads\/2025\/07\/WhatsApp-Image-2025-07-29-at-10.07.56-80x60.jpeg 80w, https:\/\/diadianoticias.com.br\/wp-content\/uploads\/2025\/07\/WhatsApp-Image-2025-07-29-at-10.07.56.jpeg 1280w\" sizes=\"auto, (max-width: 1024px) 100vw, 1024px\" \/><\/a><\/figure>\n<\/figure>\n","protected":false},"excerpt":{"rendered":"<div class=\"mh-excerpt\"><p>Uma mulher foi esfaqueada pelo pr\u00f3prio filho, na noite dessa segunda-feira (28), na Rua Igua\u00e7u, pr\u00f3ximo ao cruzamento com a Rua J\u00falio Favoretto, no bairro Vila Esperan\u00e7a, em Maring\u00e1. De acordo com a Pol\u00edcia Militar, <a class=\"mh-excerpt-more\" href=\"https:\/\/diadianoticias.com.br\/?p=51630\" title=\"Mulher tenta se defender de agress\u00e3o do pr\u00f3prio filho, e fica ferida, em resid\u00eancia\">[&#8230;]<\/a><\/p>\n<\/div>","protected":false},"author":4,"featured_media":51632,"comment_status":"open","ping_status":"open","sticky":false,"template":"","format":"standard","meta":{"footnotes":""},"categories":[32,5],"tags":[],"class_list":{"0":"post-51630","1":"post","2":"type-post","3":"status-publish","4":"format-standard","5":"has-post-thumbnail","7":"category-destaque","8":"category-policiais"},"_links":{"self":[{"href":"https:\/\/diadianoticias.com.br\/index.php?rest_route=\/wp\/v2\/posts\/51630","targetHints":{"allow":["GET"]}}],"collection":[{"href":"https:\/\/diadianoticias.com.br\/index.php?rest_route=\/wp\/v2\/posts"}],"about":[{"href":"https:\/\/diadianoticias.com.br\/index.php?rest_route=\/wp\/v2\/types\/post"}],"author":[{"embeddable":true,"href":"https:\/\/diadianoticias.com.br\/index.php?rest_route=\/wp\/v2\/users\/4"}],"replies":[{"embeddable":true,"href":"https:\/\/diadianoticias.com.br\/index.php?rest_route=%2Fwp%2Fv2%2Fcomments&post=51630"}],"version-history":[{"count":1,"href":"https:\/\/diadianoticias.com.br\/index.php?rest_route=\/wp\/v2\/posts\/51630\/revisions"}],"predecessor-version":[{"id":51633,"href":"https:\/\/diadianoticias.com.br\/index.php?rest_route=\/wp\/v2\/posts\/51630\/revisions\/51633"}],"wp:featuredmedia":[{"embeddable":true,"href":"https:\/\/diadianoticias.com.br\/index.php?rest_route=\/wp\/v2\/media\/51632"}],"wp:attachment":[{"href":"https:\/\/diadianoticias.com.br\/index.php?rest_route=%2Fwp%2Fv2%2Fmedia&parent=51630"}],"wp:term":[{"taxonomy":"category","embeddable":true,"href":"https:\/\/diadianoticias.com.br\/index.php?rest_route=%2Fwp%2Fv2%2Fcategories&post=51630"},{"taxonomy":"post_tag","embeddable":true,"href":"https:\/\/diadianoticias.com.br\/index.php?rest_route=%2Fwp%2Fv2%2Ftags&post=51630"}],"curies":[{"name":"wp","href":"https:\/\/api.w.org\/{rel}","templated":true}]}}