{"id":51609,"date":"2025-07-28T12:21:17","date_gmt":"2025-07-28T12:21:17","guid":{"rendered":"https:\/\/diadianoticias.com.br\/?p=51609"},"modified":"2025-07-28T12:21:19","modified_gmt":"2025-07-28T12:21:19","slug":"duas-pessoas-ficam-feridas-em-colisao-entre-carro-e-microonibus-na-pr-463","status":"publish","type":"post","link":"https:\/\/diadianoticias.com.br\/?p=51609","title":{"rendered":"Duas pessoas ficam feridas em colis\u00e3o entre carro e micro\u00f4nibus, na PR-463"},"content":{"rendered":"\n<p>Duas pessoas ficaram feridas em uma colis\u00e3o entre um carro e um micro\u00f4nibus, na rodovia PR-463, em Colorado-PR, o acidente ocorreu na manh\u00e3 desse domingo (27), por volta das 7h30, no trecho entre Colorado e Paranacity.<\/p>\n\n\n\n<p>Segundo a Pol\u00edcia Rodovi\u00e1ria, de acordo com relatos do condutor do micro\u00f4nibus e vest\u00edgios encontrados no local, o coletivo trafegava pela rodovia PR 463, no sentido de Colorado para Paranacity e, ao chegar no km 51+200m, foi atingido pelo ve\u00edculo VW\/Gol que transitava no sentido contr\u00e1rio.<\/p>\n\n\n\n<p>O impacto causou danos nos ve\u00edculos e deixou o condutor e um passageiro do Gol feridos. Ap\u00f3s o atendimento no local, ambos foram encaminhados pelo SAMU, ao Hospital Municipal de Colorado. o motorista do micro\u00f4nibus n\u00e3o ficou ferido, e realizou teste de etil\u00f4metro, tendo como resultado 0,00mg\/l.<\/p>\n\n\n\n<p>Fonte &#8211; Pol\u00edcia Rodovi\u00e1ria<\/p>\n","protected":false},"excerpt":{"rendered":"<div class=\"mh-excerpt\"><p>Duas pessoas ficaram feridas em uma colis\u00e3o entre um carro e um micro\u00f4nibus, na rodovia PR-463, em Colorado-PR, o acidente ocorreu na manh\u00e3 desse domingo (27), por volta das 7h30, no trecho entre Colorado e <a class=\"mh-excerpt-more\" href=\"https:\/\/diadianoticias.com.br\/?p=51609\" title=\"Duas pessoas ficam feridas em colis\u00e3o entre carro e micro\u00f4nibus, na PR-463\">[&#8230;]<\/a><\/p>\n<\/div>","protected":false},"author":4,"featured_media":51610,"comment_status":"open","ping_status":"open","sticky":false,"template":"","format":"standard","meta":{"footnotes":""},"categories":[32,11],"tags":[],"class_list":{"0":"post-51609","1":"post","2":"type-post","3":"status-publish","4":"format-standard","5":"has-post-thumbnail","7":"category-destaque","8":"category-diversas"},"_links":{"self":[{"href":"https:\/\/diadianoticias.com.br\/index.php?rest_route=\/wp\/v2\/posts\/51609","targetHints":{"allow":["GET"]}}],"collection":[{"href":"https:\/\/diadianoticias.com.br\/index.php?rest_route=\/wp\/v2\/posts"}],"about":[{"href":"https:\/\/diadianoticias.com.br\/index.php?rest_route=\/wp\/v2\/types\/post"}],"author":[{"embeddable":true,"href":"https:\/\/diadianoticias.com.br\/index.php?rest_route=\/wp\/v2\/users\/4"}],"replies":[{"embeddable":true,"href":"https:\/\/diadianoticias.com.br\/index.php?rest_route=%2Fwp%2Fv2%2Fcomments&post=51609"}],"version-history":[{"count":1,"href":"https:\/\/diadianoticias.com.br\/index.php?rest_route=\/wp\/v2\/posts\/51609\/revisions"}],"predecessor-version":[{"id":51611,"href":"https:\/\/diadianoticias.com.br\/index.php?rest_route=\/wp\/v2\/posts\/51609\/revisions\/51611"}],"wp:featuredmedia":[{"embeddable":true,"href":"https:\/\/diadianoticias.com.br\/index.php?rest_route=\/wp\/v2\/media\/51610"}],"wp:attachment":[{"href":"https:\/\/diadianoticias.com.br\/index.php?rest_route=%2Fwp%2Fv2%2Fmedia&parent=51609"}],"wp:term":[{"taxonomy":"category","embeddable":true,"href":"https:\/\/diadianoticias.com.br\/index.php?rest_route=%2Fwp%2Fv2%2Fcategories&post=51609"},{"taxonomy":"post_tag","embeddable":true,"href":"https:\/\/diadianoticias.com.br\/index.php?rest_route=%2Fwp%2Fv2%2Ftags&post=51609"}],"curies":[{"name":"wp","href":"https:\/\/api.w.org\/{rel}","templated":true}]}}