{"id":51554,"date":"2025-07-25T22:30:43","date_gmt":"2025-07-25T22:30:43","guid":{"rendered":"https:\/\/diadianoticias.com.br\/?p=51554"},"modified":"2025-07-25T22:30:44","modified_gmt":"2025-07-25T22:30:44","slug":"duas-pessoas-ficam-feridas-em-colisao-entre-caminhao-e-carro-na-pr-317","status":"publish","type":"post","link":"https:\/\/diadianoticias.com.br\/?p=51554","title":{"rendered":"Duas pessoas ficam feridas em colis\u00e3o entre caminh\u00e3o e carro, na PR-317"},"content":{"rendered":"\n<p>Duas pessoas, entre elas, uma crian\u00e7a, ficaram feridas em uma colis\u00e3o envolvendo um caminh\u00e3o e um carro, na rodovia PR-317, em Santa Helena-PR. O acidente ocorreu no final da noite dessa quinta-feira (24), por volta das 23h45.<\/p>\n\n\n\n<p>Segundo a Pol\u00edcia Rodovi\u00e1ria, conforme declara\u00e7\u00e3o do condutor do caminh\u00e3o Volvo\/VM 360, com placas de Medianeira, um homem, de 48 anos, e dados colhidos no local, ele trafegava pela rodovia estadual PR-317, no sentido de S\u00e3o Clemente a Subsede e, ao atingir o Km 456+600M, veio a colidir na traseira do ve\u00edculo Peugeot 206, com placas de Santa Helena, que trafegava a sua frente.<\/p>\n\n\n\n<p>O impacto causou ferimentos leves na condutora do Peugeot, uma mulher de 33 anos, e em uma crian\u00e7a, de 9, passageira do carro. Ap\u00f3s o atendimento no local, ambas foram encaminhadas para o Hospital Micheletto de Santa Helena. O motorista do caminh\u00e3o n\u00e3o se feriu.<\/p>\n\n\n\n<p>(Fonte \u2013 Pol\u00edcia Rodovi\u00e1ria)<\/p>\n\n\n\n<p><\/p>\n","protected":false},"excerpt":{"rendered":"<div class=\"mh-excerpt\"><p>Duas pessoas, entre elas, uma crian\u00e7a, ficaram feridas em uma colis\u00e3o envolvendo um caminh\u00e3o e um carro, na rodovia PR-317, em Santa Helena-PR. O acidente ocorreu no final da noite dessa quinta-feira (24), por volta <a class=\"mh-excerpt-more\" href=\"https:\/\/diadianoticias.com.br\/?p=51554\" title=\"Duas pessoas ficam feridas em colis\u00e3o entre caminh\u00e3o e carro, na PR-317\">[&#8230;]<\/a><\/p>\n<\/div>","protected":false},"author":4,"featured_media":51555,"comment_status":"open","ping_status":"open","sticky":false,"template":"","format":"standard","meta":{"footnotes":""},"categories":[32,11],"tags":[],"class_list":{"0":"post-51554","1":"post","2":"type-post","3":"status-publish","4":"format-standard","5":"has-post-thumbnail","7":"category-destaque","8":"category-diversas"},"_links":{"self":[{"href":"https:\/\/diadianoticias.com.br\/index.php?rest_route=\/wp\/v2\/posts\/51554","targetHints":{"allow":["GET"]}}],"collection":[{"href":"https:\/\/diadianoticias.com.br\/index.php?rest_route=\/wp\/v2\/posts"}],"about":[{"href":"https:\/\/diadianoticias.com.br\/index.php?rest_route=\/wp\/v2\/types\/post"}],"author":[{"embeddable":true,"href":"https:\/\/diadianoticias.com.br\/index.php?rest_route=\/wp\/v2\/users\/4"}],"replies":[{"embeddable":true,"href":"https:\/\/diadianoticias.com.br\/index.php?rest_route=%2Fwp%2Fv2%2Fcomments&post=51554"}],"version-history":[{"count":1,"href":"https:\/\/diadianoticias.com.br\/index.php?rest_route=\/wp\/v2\/posts\/51554\/revisions"}],"predecessor-version":[{"id":51556,"href":"https:\/\/diadianoticias.com.br\/index.php?rest_route=\/wp\/v2\/posts\/51554\/revisions\/51556"}],"wp:featuredmedia":[{"embeddable":true,"href":"https:\/\/diadianoticias.com.br\/index.php?rest_route=\/wp\/v2\/media\/51555"}],"wp:attachment":[{"href":"https:\/\/diadianoticias.com.br\/index.php?rest_route=%2Fwp%2Fv2%2Fmedia&parent=51554"}],"wp:term":[{"taxonomy":"category","embeddable":true,"href":"https:\/\/diadianoticias.com.br\/index.php?rest_route=%2Fwp%2Fv2%2Fcategories&post=51554"},{"taxonomy":"post_tag","embeddable":true,"href":"https:\/\/diadianoticias.com.br\/index.php?rest_route=%2Fwp%2Fv2%2Ftags&post=51554"}],"curies":[{"name":"wp","href":"https:\/\/api.w.org\/{rel}","templated":true}]}}