{"id":51551,"date":"2025-07-25T22:29:56","date_gmt":"2025-07-25T22:29:56","guid":{"rendered":"https:\/\/diadianoticias.com.br\/?p=51551"},"modified":"2025-07-25T22:29:57","modified_gmt":"2025-07-25T22:29:57","slug":"motorista-fica-ferido-durante-tombamento-de-caminhao-na-pr-492","status":"publish","type":"post","link":"https:\/\/diadianoticias.com.br\/?p=51551","title":{"rendered":"Motorista fica ferido, durante tombamento de caminh\u00e3o, na PR-492"},"content":{"rendered":"\n<p>Um motorista ficou ferido, ap\u00f3s tombar o caminh\u00e3o que dirigia, na rodovia PR-492, em Tamboara. O acidente ocorreu na tarde dessa quinta-feira (24), por volta das 14h30, no trecho entre a rodovia PR-492 e a BR-376.<\/p>\n\n\n\n<p>Segundo a Pol\u00edcia Rodovi\u00e1ria, conforme dados colhidos no local e relatos do condutor, ele trafegava pela rodovia PR 492, no sentido da rodovia BR 376 para cidade de Tamboara e, ao atingir o quil\u00f4metro 10+500m, logo ap\u00f3s o trevo de acesso a cidade de Paranava\u00ed, um ve\u00edculo n\u00e3o identificado, possivelmente um GM\/\u00d4nix, de cor branca, adentrou \u00e0 rodovia, na sua frente, em velocidade baixa em rela\u00e7\u00e3o a permitida na via, e para evitar a colis\u00e3o traseira, o mesmo realizou uma manobra brusca para a esquerda, o que fez com que ele perdesse o controle da dire\u00e7\u00e3o, vindo a tombar o caminh\u00e3o sob a pista.<\/p>\n\n\n\n<p>Com o impacto, o motorista sofreu ferimentos leves e foi encaminhado para o Hospital Municipal de Tamboara, para melhor avalia\u00e7\u00e3o m\u00e9dica. Ele realizou o teste de etil\u00f4metro, tendo como resultado 0,00mg\/l. O ve\u00edculo que provocou o acidente n\u00e3o parou para prestar socorro.<\/p>\n\n\n\n<p>(Fonte \u2013 Pol\u00edcia Rodovi\u00e1ria)<\/p>\n","protected":false},"excerpt":{"rendered":"<div class=\"mh-excerpt\"><p>Um motorista ficou ferido, ap\u00f3s tombar o caminh\u00e3o que dirigia, na rodovia PR-492, em Tamboara. O acidente ocorreu na tarde dessa quinta-feira (24), por volta das 14h30, no trecho entre a rodovia PR-492 e a <a class=\"mh-excerpt-more\" href=\"https:\/\/diadianoticias.com.br\/?p=51551\" title=\"Motorista fica ferido, durante tombamento de caminh\u00e3o, na PR-492\">[&#8230;]<\/a><\/p>\n<\/div>","protected":false},"author":4,"featured_media":51552,"comment_status":"open","ping_status":"open","sticky":false,"template":"","format":"standard","meta":{"footnotes":""},"categories":[32,11],"tags":[],"class_list":{"0":"post-51551","1":"post","2":"type-post","3":"status-publish","4":"format-standard","5":"has-post-thumbnail","7":"category-destaque","8":"category-diversas"},"_links":{"self":[{"href":"https:\/\/diadianoticias.com.br\/index.php?rest_route=\/wp\/v2\/posts\/51551","targetHints":{"allow":["GET"]}}],"collection":[{"href":"https:\/\/diadianoticias.com.br\/index.php?rest_route=\/wp\/v2\/posts"}],"about":[{"href":"https:\/\/diadianoticias.com.br\/index.php?rest_route=\/wp\/v2\/types\/post"}],"author":[{"embeddable":true,"href":"https:\/\/diadianoticias.com.br\/index.php?rest_route=\/wp\/v2\/users\/4"}],"replies":[{"embeddable":true,"href":"https:\/\/diadianoticias.com.br\/index.php?rest_route=%2Fwp%2Fv2%2Fcomments&post=51551"}],"version-history":[{"count":1,"href":"https:\/\/diadianoticias.com.br\/index.php?rest_route=\/wp\/v2\/posts\/51551\/revisions"}],"predecessor-version":[{"id":51553,"href":"https:\/\/diadianoticias.com.br\/index.php?rest_route=\/wp\/v2\/posts\/51551\/revisions\/51553"}],"wp:featuredmedia":[{"embeddable":true,"href":"https:\/\/diadianoticias.com.br\/index.php?rest_route=\/wp\/v2\/media\/51552"}],"wp:attachment":[{"href":"https:\/\/diadianoticias.com.br\/index.php?rest_route=%2Fwp%2Fv2%2Fmedia&parent=51551"}],"wp:term":[{"taxonomy":"category","embeddable":true,"href":"https:\/\/diadianoticias.com.br\/index.php?rest_route=%2Fwp%2Fv2%2Fcategories&post=51551"},{"taxonomy":"post_tag","embeddable":true,"href":"https:\/\/diadianoticias.com.br\/index.php?rest_route=%2Fwp%2Fv2%2Ftags&post=51551"}],"curies":[{"name":"wp","href":"https:\/\/api.w.org\/{rel}","templated":true}]}}