{"id":51534,"date":"2025-07-25T12:34:53","date_gmt":"2025-07-25T12:34:53","guid":{"rendered":"https:\/\/diadianoticias.com.br\/?p=51534"},"modified":"2025-07-25T12:34:55","modified_gmt":"2025-07-25T12:34:55","slug":"homem-que-aparece-em-video-agredindo-venezuelano-e-preso-pela-policia-civil","status":"publish","type":"post","link":"https:\/\/diadianoticias.com.br\/?p=51534","title":{"rendered":"Homem que aparece em v\u00eddeo agredindo venezuelano, \u00e9 preso pela Pol\u00edcia Civil"},"content":{"rendered":"\n<p>Um homem, de 33 anos, foi preso por policiais civis, em Para\u00edso do Norte, ap\u00f3s um v\u00eddeo ser veiculado em redes sociais, onde ele aparece agredindo um outro homem. A pris\u00e3o ocorreu nesta quinta-feira (24), durante a Opera\u00e7\u00e3o \u201cSinergia\u201d.<\/p>\n\n\n\n<p>De acordo com a Pol\u00edcia Civil de Para\u00edso do Norte, o homem foi preso pelo crime de tortura, ap\u00f3s aparecer no referido v\u00eddeo, espancando outro homem, de origem venezuelana. As investiga\u00e7\u00f5es indicam que a agress\u00e3o estaria ligada a disputas do tr\u00e1fico de drogas.<\/p>\n\n\n\n<p>O autor seria integrante de um suposto \u201ctribunal do crime\u201d, estrutura informal de fac\u00e7\u00f5es criminosas que imp\u00f5em puni\u00e7\u00f5es f\u00edsicas a desafetos ou indiv\u00edduos acusados de desrespeitar regras impostas por esses grupos. Ap\u00f3s dilig\u00eancias investigativas, o homem foi localizado e preso, e encaminhado \u00e0 Delegacia de Pol\u00edcia, para as medidas cab\u00edveis.<\/p>\n\n\n\n<p>(Fonte: Paranava\u00ed Urgente\/Pol\u00edcia Civil)<\/p>\n","protected":false},"excerpt":{"rendered":"<div class=\"mh-excerpt\"><p>Um homem, de 33 anos, foi preso por policiais civis, em Para\u00edso do Norte, ap\u00f3s um v\u00eddeo ser veiculado em redes sociais, onde ele aparece agredindo um outro homem. A pris\u00e3o ocorreu nesta quinta-feira (24), <a class=\"mh-excerpt-more\" href=\"https:\/\/diadianoticias.com.br\/?p=51534\" title=\"Homem que aparece em v\u00eddeo agredindo venezuelano, \u00e9 preso pela Pol\u00edcia Civil\">[&#8230;]<\/a><\/p>\n<\/div>","protected":false},"author":4,"featured_media":51535,"comment_status":"open","ping_status":"open","sticky":false,"template":"","format":"standard","meta":{"footnotes":""},"categories":[32,5],"tags":[],"class_list":{"0":"post-51534","1":"post","2":"type-post","3":"status-publish","4":"format-standard","5":"has-post-thumbnail","7":"category-destaque","8":"category-policiais"},"_links":{"self":[{"href":"https:\/\/diadianoticias.com.br\/index.php?rest_route=\/wp\/v2\/posts\/51534","targetHints":{"allow":["GET"]}}],"collection":[{"href":"https:\/\/diadianoticias.com.br\/index.php?rest_route=\/wp\/v2\/posts"}],"about":[{"href":"https:\/\/diadianoticias.com.br\/index.php?rest_route=\/wp\/v2\/types\/post"}],"author":[{"embeddable":true,"href":"https:\/\/diadianoticias.com.br\/index.php?rest_route=\/wp\/v2\/users\/4"}],"replies":[{"embeddable":true,"href":"https:\/\/diadianoticias.com.br\/index.php?rest_route=%2Fwp%2Fv2%2Fcomments&post=51534"}],"version-history":[{"count":1,"href":"https:\/\/diadianoticias.com.br\/index.php?rest_route=\/wp\/v2\/posts\/51534\/revisions"}],"predecessor-version":[{"id":51536,"href":"https:\/\/diadianoticias.com.br\/index.php?rest_route=\/wp\/v2\/posts\/51534\/revisions\/51536"}],"wp:featuredmedia":[{"embeddable":true,"href":"https:\/\/diadianoticias.com.br\/index.php?rest_route=\/wp\/v2\/media\/51535"}],"wp:attachment":[{"href":"https:\/\/diadianoticias.com.br\/index.php?rest_route=%2Fwp%2Fv2%2Fmedia&parent=51534"}],"wp:term":[{"taxonomy":"category","embeddable":true,"href":"https:\/\/diadianoticias.com.br\/index.php?rest_route=%2Fwp%2Fv2%2Fcategories&post=51534"},{"taxonomy":"post_tag","embeddable":true,"href":"https:\/\/diadianoticias.com.br\/index.php?rest_route=%2Fwp%2Fv2%2Ftags&post=51534"}],"curies":[{"name":"wp","href":"https:\/\/api.w.org\/{rel}","templated":true}]}}