{"id":51528,"date":"2025-07-24T21:15:05","date_gmt":"2025-07-24T21:15:05","guid":{"rendered":"https:\/\/diadianoticias.com.br\/?p=51528"},"modified":"2025-07-24T21:15:07","modified_gmt":"2025-07-24T21:15:07","slug":"motorista-e-preso-com-agrotoxicos-contrabandeados-escondidos-em-carga-de-farinha-em-caminhao","status":"publish","type":"post","link":"https:\/\/diadianoticias.com.br\/?p=51528","title":{"rendered":"Motorista \u00e9 preso com agrot\u00f3xicos contrabandeados, escondidos em carga de farinha, em caminh\u00e3o"},"content":{"rendered":"\n<p>Na manh\u00e3 desta quarta-feira (23), por volta das 8h30, uma opera\u00e7\u00e3o conjunta entre a Pol\u00edcia Rodovi\u00e1ria Federal (PRF), o Departamento de Narc\u00f3ticos (Denarc) e a Receita Federal, resultou na apreens\u00e3o de um caminh\u00e3o carregado com agrot\u00f3xicos ilegais, oriundos do Paraguai, no munic\u00edpio de Cascavel (PR).<\/p>\n\n\n\n<p>O ve\u00edculo, que ostentava uma carga aparente de farinha, havia sa\u00eddo de Foz do Igua\u00e7u e tinha como destino a cidade de Bras\u00edlia (DF). Durante a fiscaliza\u00e7\u00e3o, os agentes identificaram que, sob a carga regular, estavam escondidos diversos volumes de agrot\u00f3xicos de origem estrangeira, sem documenta\u00e7\u00e3o e proibidos para uso no Brasil.<\/p>\n\n\n\n<p>O condutor do caminh\u00e3o, um homem de 31 anos, foi preso em flagrante e encaminhado \u00e0 delegacia da Pol\u00edcia Federal em Cascavel. J\u00e1 o ve\u00edculo, juntamente com a carga, foi levado \u00e0 Receita Federal para a pesagem e contabiliza\u00e7\u00e3o dos produtos apreendidos.<\/p>\n\n\n\n<p>A opera\u00e7\u00e3o integra um esfor\u00e7o conjunto dos \u00f3rg\u00e3os de seguran\u00e7a no combate ao contrabando de subst\u00e2ncias perigosas e refor\u00e7a a atua\u00e7\u00e3o integrada das institui\u00e7\u00f5es no enfrentamento ao crime organizado na regi\u00e3o de fronteira.<\/p>\n\n\n\n<p>(Fonte \u2013 PRF)<\/p>\n","protected":false},"excerpt":{"rendered":"<div class=\"mh-excerpt\"><p>Na manh\u00e3 desta quarta-feira (23), por volta das 8h30, uma opera\u00e7\u00e3o conjunta entre a Pol\u00edcia Rodovi\u00e1ria Federal (PRF), o Departamento de Narc\u00f3ticos (Denarc) e a Receita Federal, resultou na apreens\u00e3o de um caminh\u00e3o carregado com <a class=\"mh-excerpt-more\" href=\"https:\/\/diadianoticias.com.br\/?p=51528\" title=\"Motorista \u00e9 preso com agrot\u00f3xicos contrabandeados, escondidos em carga de farinha, em caminh\u00e3o\">[&#8230;]<\/a><\/p>\n<\/div>","protected":false},"author":4,"featured_media":51529,"comment_status":"open","ping_status":"open","sticky":false,"template":"","format":"standard","meta":{"footnotes":""},"categories":[32,5],"tags":[],"class_list":{"0":"post-51528","1":"post","2":"type-post","3":"status-publish","4":"format-standard","5":"has-post-thumbnail","7":"category-destaque","8":"category-policiais"},"_links":{"self":[{"href":"https:\/\/diadianoticias.com.br\/index.php?rest_route=\/wp\/v2\/posts\/51528","targetHints":{"allow":["GET"]}}],"collection":[{"href":"https:\/\/diadianoticias.com.br\/index.php?rest_route=\/wp\/v2\/posts"}],"about":[{"href":"https:\/\/diadianoticias.com.br\/index.php?rest_route=\/wp\/v2\/types\/post"}],"author":[{"embeddable":true,"href":"https:\/\/diadianoticias.com.br\/index.php?rest_route=\/wp\/v2\/users\/4"}],"replies":[{"embeddable":true,"href":"https:\/\/diadianoticias.com.br\/index.php?rest_route=%2Fwp%2Fv2%2Fcomments&post=51528"}],"version-history":[{"count":1,"href":"https:\/\/diadianoticias.com.br\/index.php?rest_route=\/wp\/v2\/posts\/51528\/revisions"}],"predecessor-version":[{"id":51530,"href":"https:\/\/diadianoticias.com.br\/index.php?rest_route=\/wp\/v2\/posts\/51528\/revisions\/51530"}],"wp:featuredmedia":[{"embeddable":true,"href":"https:\/\/diadianoticias.com.br\/index.php?rest_route=\/wp\/v2\/media\/51529"}],"wp:attachment":[{"href":"https:\/\/diadianoticias.com.br\/index.php?rest_route=%2Fwp%2Fv2%2Fmedia&parent=51528"}],"wp:term":[{"taxonomy":"category","embeddable":true,"href":"https:\/\/diadianoticias.com.br\/index.php?rest_route=%2Fwp%2Fv2%2Fcategories&post=51528"},{"taxonomy":"post_tag","embeddable":true,"href":"https:\/\/diadianoticias.com.br\/index.php?rest_route=%2Fwp%2Fv2%2Ftags&post=51528"}],"curies":[{"name":"wp","href":"https:\/\/api.w.org\/{rel}","templated":true}]}}