{"id":51522,"date":"2025-07-24T21:13:37","date_gmt":"2025-07-24T21:13:37","guid":{"rendered":"https:\/\/diadianoticias.com.br\/?p=51522"},"modified":"2025-07-24T21:13:38","modified_gmt":"2025-07-24T21:13:38","slug":"passageiro-fica-ferido-em-colisao-entre-carro-e-caminhao-na-pr-082","status":"publish","type":"post","link":"https:\/\/diadianoticias.com.br\/?p=51522","title":{"rendered":"Passageiro fica ferido em colis\u00e3o entre carro e caminh\u00e3o, na PR-082"},"content":{"rendered":"\n<p>Uma pessoa ficou ferida ap\u00f3s o carro que ela estava, chocar-se contra um barranco e ser atingido por um caminh\u00e3o, na rodovia PR-082, em Cidade Ga\u00facha-PR. O acidente ocorreu na noite dessa quarta-feira (23), por volta das 21h20, no trecho entre Rondon e Cidade Ga\u00facha.<\/p>\n\n\n\n<p>Segundo a Pol\u00edcia Rodovi\u00e1ria, conforme dados colhidos no local, o ve\u00edculo GM\/Vectra trafegava pela rodovia PR 082, no sentido de Rondon \u00e0 Cidade Ga\u00facha e, ao atingir o KM 521+430m, o motorista perdeu o controle da dire\u00e7\u00e3o, chocou-se contra um barranco ao lado direito da pista e seguiu transversalmente na pista e, ao invadir a pista contr\u00e1ria, foi atingido por um caminh\u00e3o Volvo\/270.<\/p>\n\n\n\n<p>O impacto causou danos nos ve\u00edculos e ferimentos no passageiro do Vectra. Segundo a Pol\u00edcia Rodovi\u00e1ria, no momento em que a equipe chegou ao local, o motorista do carro n\u00e3o se encontrava mais. O caminh\u00e3o foi liberado no local para o respons\u00e1vel e o GM\/Vectra foi guinchado ao P\u00e1tio do Posto Rodovi\u00e1rio de Cidade Ga\u00facha, por n\u00e3o haver respons\u00e1vel para libera\u00e7\u00e3o.<\/p>\n\n\n\n<p>(Fonte \u2013 Pol\u00edcia Rodovi\u00e1ria)<\/p>\n","protected":false},"excerpt":{"rendered":"<div class=\"mh-excerpt\"><p>Uma pessoa ficou ferida ap\u00f3s o carro que ela estava, chocar-se contra um barranco e ser atingido por um caminh\u00e3o, na rodovia PR-082, em Cidade Ga\u00facha-PR. O acidente ocorreu na noite dessa quarta-feira (23), por <a class=\"mh-excerpt-more\" href=\"https:\/\/diadianoticias.com.br\/?p=51522\" title=\"Passageiro fica ferido em colis\u00e3o entre carro e caminh\u00e3o, na PR-082\">[&#8230;]<\/a><\/p>\n<\/div>","protected":false},"author":4,"featured_media":51523,"comment_status":"open","ping_status":"open","sticky":false,"template":"","format":"standard","meta":{"footnotes":""},"categories":[32,11],"tags":[],"class_list":{"0":"post-51522","1":"post","2":"type-post","3":"status-publish","4":"format-standard","5":"has-post-thumbnail","7":"category-destaque","8":"category-diversas"},"_links":{"self":[{"href":"https:\/\/diadianoticias.com.br\/index.php?rest_route=\/wp\/v2\/posts\/51522","targetHints":{"allow":["GET"]}}],"collection":[{"href":"https:\/\/diadianoticias.com.br\/index.php?rest_route=\/wp\/v2\/posts"}],"about":[{"href":"https:\/\/diadianoticias.com.br\/index.php?rest_route=\/wp\/v2\/types\/post"}],"author":[{"embeddable":true,"href":"https:\/\/diadianoticias.com.br\/index.php?rest_route=\/wp\/v2\/users\/4"}],"replies":[{"embeddable":true,"href":"https:\/\/diadianoticias.com.br\/index.php?rest_route=%2Fwp%2Fv2%2Fcomments&post=51522"}],"version-history":[{"count":1,"href":"https:\/\/diadianoticias.com.br\/index.php?rest_route=\/wp\/v2\/posts\/51522\/revisions"}],"predecessor-version":[{"id":51524,"href":"https:\/\/diadianoticias.com.br\/index.php?rest_route=\/wp\/v2\/posts\/51522\/revisions\/51524"}],"wp:featuredmedia":[{"embeddable":true,"href":"https:\/\/diadianoticias.com.br\/index.php?rest_route=\/wp\/v2\/media\/51523"}],"wp:attachment":[{"href":"https:\/\/diadianoticias.com.br\/index.php?rest_route=%2Fwp%2Fv2%2Fmedia&parent=51522"}],"wp:term":[{"taxonomy":"category","embeddable":true,"href":"https:\/\/diadianoticias.com.br\/index.php?rest_route=%2Fwp%2Fv2%2Fcategories&post=51522"},{"taxonomy":"post_tag","embeddable":true,"href":"https:\/\/diadianoticias.com.br\/index.php?rest_route=%2Fwp%2Fv2%2Ftags&post=51522"}],"curies":[{"name":"wp","href":"https:\/\/api.w.org\/{rel}","templated":true}]}}