{"id":51505,"date":"2025-07-24T12:51:15","date_gmt":"2025-07-24T12:51:15","guid":{"rendered":"https:\/\/diadianoticias.com.br\/?p=51505"},"modified":"2025-07-24T12:51:16","modified_gmt":"2025-07-24T12:51:16","slug":"adolescentes-de-13-e-14-anos-sao-apreendidos-apos-serem-flagrados-com-carro-furtado","status":"publish","type":"post","link":"https:\/\/diadianoticias.com.br\/?p=51505","title":{"rendered":"Adolescentes, de 13 e 14 anos, s\u00e3o apreendidos, ap\u00f3s serem flagrados com carro furtado"},"content":{"rendered":"\n<p>Na manh\u00e3 desta quinta-feira (240, por volta das 7h40, policiais militares foram informados que, dois adolescentes acolhidos em uma Associa\u00e7\u00e3o, teriam furtado um ve\u00edculo do local, de cor branca, e que os mesmos tomaram rumo ignorado.<\/p>\n\n\n\n<p>Segundo os funcion\u00e1rios do local, os adolescentes teriam furtado a chave do ve\u00edculo, ainda durante a noite, mas n\u00e3o teria sido percebido at\u00e9 ent\u00e3o. De posse das informa\u00e7\u00f5es, a equipe iniciou patrulhamento, sendo localizado o carro e, assim, iniciaram acompanhamento t\u00e1tico.<\/p>\n\n\n\n<p>Em dado momento, os policiais conseguiram abordar o carro. Durante a a\u00e7\u00e3o, os policiais constataram que o ve\u00edculo era conduzido por um adolescente, de 14 anos, e tinha como passageiro, outro menor, de 13.<\/p>\n\n\n\n<p>Diante dos fatos, o ve\u00edculo e os adolescentes foram encaminhados a 16\u00aa Subdivis\u00e3o de Pol\u00edcia Civil, para as provid\u00eancias cab\u00edveis.<\/p>\n\n\n\n<p>(Fonte \u2013 Pol\u00edcia Militar)<\/p>\n","protected":false},"excerpt":{"rendered":"<div class=\"mh-excerpt\"><p>Na manh\u00e3 desta quinta-feira (240, por volta das 7h40, policiais militares foram informados que, dois adolescentes acolhidos em uma Associa\u00e7\u00e3o, teriam furtado um ve\u00edculo do local, de cor branca, e que os mesmos tomaram rumo <a class=\"mh-excerpt-more\" href=\"https:\/\/diadianoticias.com.br\/?p=51505\" title=\"Adolescentes, de 13 e 14 anos, s\u00e3o apreendidos, ap\u00f3s serem flagrados com carro furtado\">[&#8230;]<\/a><\/p>\n<\/div>","protected":false},"author":4,"featured_media":51506,"comment_status":"open","ping_status":"open","sticky":false,"template":"","format":"standard","meta":{"footnotes":""},"categories":[32,11],"tags":[],"class_list":{"0":"post-51505","1":"post","2":"type-post","3":"status-publish","4":"format-standard","5":"has-post-thumbnail","7":"category-destaque","8":"category-diversas"},"_links":{"self":[{"href":"https:\/\/diadianoticias.com.br\/index.php?rest_route=\/wp\/v2\/posts\/51505","targetHints":{"allow":["GET"]}}],"collection":[{"href":"https:\/\/diadianoticias.com.br\/index.php?rest_route=\/wp\/v2\/posts"}],"about":[{"href":"https:\/\/diadianoticias.com.br\/index.php?rest_route=\/wp\/v2\/types\/post"}],"author":[{"embeddable":true,"href":"https:\/\/diadianoticias.com.br\/index.php?rest_route=\/wp\/v2\/users\/4"}],"replies":[{"embeddable":true,"href":"https:\/\/diadianoticias.com.br\/index.php?rest_route=%2Fwp%2Fv2%2Fcomments&post=51505"}],"version-history":[{"count":1,"href":"https:\/\/diadianoticias.com.br\/index.php?rest_route=\/wp\/v2\/posts\/51505\/revisions"}],"predecessor-version":[{"id":51507,"href":"https:\/\/diadianoticias.com.br\/index.php?rest_route=\/wp\/v2\/posts\/51505\/revisions\/51507"}],"wp:featuredmedia":[{"embeddable":true,"href":"https:\/\/diadianoticias.com.br\/index.php?rest_route=\/wp\/v2\/media\/51506"}],"wp:attachment":[{"href":"https:\/\/diadianoticias.com.br\/index.php?rest_route=%2Fwp%2Fv2%2Fmedia&parent=51505"}],"wp:term":[{"taxonomy":"category","embeddable":true,"href":"https:\/\/diadianoticias.com.br\/index.php?rest_route=%2Fwp%2Fv2%2Fcategories&post=51505"},{"taxonomy":"post_tag","embeddable":true,"href":"https:\/\/diadianoticias.com.br\/index.php?rest_route=%2Fwp%2Fv2%2Ftags&post=51505"}],"curies":[{"name":"wp","href":"https:\/\/api.w.org\/{rel}","templated":true}]}}