{"id":51499,"date":"2025-07-24T12:05:16","date_gmt":"2025-07-24T12:05:16","guid":{"rendered":"https:\/\/diadianoticias.com.br\/?p=51499"},"modified":"2025-07-24T12:05:22","modified_gmt":"2025-07-24T12:05:22","slug":"jovem-de-21-anos-e-detido-com-crack-cocaina-e-maconha-em-residencia","status":"publish","type":"post","link":"https:\/\/diadianoticias.com.br\/?p=51499","title":{"rendered":"Jovem, de 21 anos, \u00e9 detido com crack, coca\u00edna e maconha em resid\u00eancia"},"content":{"rendered":"\n<p>Na tarde dessa quarta-feira (23), por volta das 15h30, uma equipe policial do 25\u00ba BPM de Umuarama, recebeu uma den\u00fancia an\u00f4nima sobre tr\u00e1fico de drogas na antiga rodovi\u00e1ria da cidade, envolvendo um indiv\u00edduo de bicicleta, que estaria realizando as entregas.<\/p>\n\n\n\n<p>No local, o suspeito, um homem de 21 anos, foi avistado e tentou fugir ao ser abordado, sendo acompanhado e posteriormente detido. Durante a busca pessoal, foram encontrados R$ 81,00 em dinheiro. Questionado, o suspeito apresentou vers\u00f5es contradit\u00f3rias sobre sua presen\u00e7a na rodovi\u00e1ria, e confirmou residir em um endere\u00e7o j\u00e1 conhecido por ser usado como dep\u00f3sito de drogas, no Jardim Sonho Meu 2.<\/p>\n\n\n\n<p>Com sua autoriza\u00e7\u00e3o, foi realizada busca na resid\u00eancia, onde foram encontrados crack, em pedras grandes e fracionadas, totalizando cerca de 130g; 13g de coca\u00edna, 137g de maconha em por\u00e7\u00f5es; balan\u00e7a de precis\u00e3o; papel alum\u00ednio; faca e l\u00e2minas.<\/p>\n\n\n\n<p>O suspeito alegou que apenas alugava o im\u00f3vel e que a droga pertencia a outra pessoa. Diante disso, ele recebeu voz de pris\u00e3o e foi encaminhado \u00e0 delegacia. A bicicleta tamb\u00e9m foi apreendida por suspeita de ser usada nas entregas.<\/p>\n\n\n\n<p>(Fonte \u2013 Pol\u00edcia Militar)<\/p>\n","protected":false},"excerpt":{"rendered":"<div class=\"mh-excerpt\"><p>Na tarde dessa quarta-feira (23), por volta das 15h30, uma equipe policial do 25\u00ba BPM de Umuarama, recebeu uma den\u00fancia an\u00f4nima sobre tr\u00e1fico de drogas na antiga rodovi\u00e1ria da cidade, envolvendo um indiv\u00edduo de bicicleta, <a class=\"mh-excerpt-more\" href=\"https:\/\/diadianoticias.com.br\/?p=51499\" title=\"Jovem, de 21 anos, \u00e9 detido com crack, coca\u00edna e maconha em resid\u00eancia\">[&#8230;]<\/a><\/p>\n<\/div>","protected":false},"author":4,"featured_media":51500,"comment_status":"open","ping_status":"open","sticky":false,"template":"","format":"standard","meta":{"footnotes":""},"categories":[32,5],"tags":[],"class_list":{"0":"post-51499","1":"post","2":"type-post","3":"status-publish","4":"format-standard","5":"has-post-thumbnail","7":"category-destaque","8":"category-policiais"},"_links":{"self":[{"href":"https:\/\/diadianoticias.com.br\/index.php?rest_route=\/wp\/v2\/posts\/51499","targetHints":{"allow":["GET"]}}],"collection":[{"href":"https:\/\/diadianoticias.com.br\/index.php?rest_route=\/wp\/v2\/posts"}],"about":[{"href":"https:\/\/diadianoticias.com.br\/index.php?rest_route=\/wp\/v2\/types\/post"}],"author":[{"embeddable":true,"href":"https:\/\/diadianoticias.com.br\/index.php?rest_route=\/wp\/v2\/users\/4"}],"replies":[{"embeddable":true,"href":"https:\/\/diadianoticias.com.br\/index.php?rest_route=%2Fwp%2Fv2%2Fcomments&post=51499"}],"version-history":[{"count":1,"href":"https:\/\/diadianoticias.com.br\/index.php?rest_route=\/wp\/v2\/posts\/51499\/revisions"}],"predecessor-version":[{"id":51501,"href":"https:\/\/diadianoticias.com.br\/index.php?rest_route=\/wp\/v2\/posts\/51499\/revisions\/51501"}],"wp:featuredmedia":[{"embeddable":true,"href":"https:\/\/diadianoticias.com.br\/index.php?rest_route=\/wp\/v2\/media\/51500"}],"wp:attachment":[{"href":"https:\/\/diadianoticias.com.br\/index.php?rest_route=%2Fwp%2Fv2%2Fmedia&parent=51499"}],"wp:term":[{"taxonomy":"category","embeddable":true,"href":"https:\/\/diadianoticias.com.br\/index.php?rest_route=%2Fwp%2Fv2%2Fcategories&post=51499"},{"taxonomy":"post_tag","embeddable":true,"href":"https:\/\/diadianoticias.com.br\/index.php?rest_route=%2Fwp%2Fv2%2Ftags&post=51499"}],"curies":[{"name":"wp","href":"https:\/\/api.w.org\/{rel}","templated":true}]}}