{"id":50705,"date":"2025-07-03T17:44:58","date_gmt":"2025-07-03T17:44:58","guid":{"rendered":"https:\/\/diadianoticias.com.br\/?p=50705"},"modified":"2025-07-03T17:44:59","modified_gmt":"2025-07-03T17:44:59","slug":"durante-abordagem-homem-e-preso-com-fiacao-eletrica-furtada-de-residencia","status":"publish","type":"post","link":"https:\/\/diadianoticias.com.br\/?p=50705","title":{"rendered":"Durante abordagem, homem \u00e9 preso com fia\u00e7\u00e3o el\u00e9trica furtada de resid\u00eancia"},"content":{"rendered":"\n<p>Um homem, de 29 anos, foi preso por policiais militar ap\u00f3s uma den\u00fancia de furto de fia\u00e7\u00e3o el\u00e9trica, em uma propriedade, em Nova Ol\u00edmpia-Pr. A ocorr\u00eancia foi registrada na manh\u00e3 dessa quarta-feira (2), por volta das 10h15.<\/p>\n\n\n\n<p>Segundo a Pol\u00edcia Militar, durante patrulhamento na zona rural, a equipe prendeu um homem flagrado com cerca de 12 metros de fia\u00e7\u00e3o el\u00e9trica, que haviam sido furtados de uma propriedade.<\/p>\n\n\n\n<p>O suspeito, j\u00e1 conhecido no meio policial, confessou o crime ao ser abordado. O propriet\u00e1rio reconheceu o material como sendo de sua resid\u00eancia. Sendo assim, o homem foi preso e encaminhado \u00e0 Delegacia de Pol\u00edcia Civil para as provid\u00eancias legais.<\/p>\n\n\n\n<p>(Fonte \u2013 Pol\u00edcia Militar)<\/p>\n","protected":false},"excerpt":{"rendered":"<div class=\"mh-excerpt\"><p>Um homem, de 29 anos, foi preso por policiais militar ap\u00f3s uma den\u00fancia de furto de fia\u00e7\u00e3o el\u00e9trica, em uma propriedade, em Nova Ol\u00edmpia-Pr. A ocorr\u00eancia foi registrada na manh\u00e3 dessa quarta-feira (2), por volta <a class=\"mh-excerpt-more\" href=\"https:\/\/diadianoticias.com.br\/?p=50705\" title=\"Durante abordagem, homem \u00e9 preso com fia\u00e7\u00e3o el\u00e9trica furtada de resid\u00eancia\">[&#8230;]<\/a><\/p>\n<\/div>","protected":false},"author":4,"featured_media":50706,"comment_status":"open","ping_status":"open","sticky":false,"template":"","format":"standard","meta":{"footnotes":""},"categories":[32,5],"tags":[],"class_list":{"0":"post-50705","1":"post","2":"type-post","3":"status-publish","4":"format-standard","5":"has-post-thumbnail","7":"category-destaque","8":"category-policiais"},"_links":{"self":[{"href":"https:\/\/diadianoticias.com.br\/index.php?rest_route=\/wp\/v2\/posts\/50705","targetHints":{"allow":["GET"]}}],"collection":[{"href":"https:\/\/diadianoticias.com.br\/index.php?rest_route=\/wp\/v2\/posts"}],"about":[{"href":"https:\/\/diadianoticias.com.br\/index.php?rest_route=\/wp\/v2\/types\/post"}],"author":[{"embeddable":true,"href":"https:\/\/diadianoticias.com.br\/index.php?rest_route=\/wp\/v2\/users\/4"}],"replies":[{"embeddable":true,"href":"https:\/\/diadianoticias.com.br\/index.php?rest_route=%2Fwp%2Fv2%2Fcomments&post=50705"}],"version-history":[{"count":1,"href":"https:\/\/diadianoticias.com.br\/index.php?rest_route=\/wp\/v2\/posts\/50705\/revisions"}],"predecessor-version":[{"id":50707,"href":"https:\/\/diadianoticias.com.br\/index.php?rest_route=\/wp\/v2\/posts\/50705\/revisions\/50707"}],"wp:featuredmedia":[{"embeddable":true,"href":"https:\/\/diadianoticias.com.br\/index.php?rest_route=\/wp\/v2\/media\/50706"}],"wp:attachment":[{"href":"https:\/\/diadianoticias.com.br\/index.php?rest_route=%2Fwp%2Fv2%2Fmedia&parent=50705"}],"wp:term":[{"taxonomy":"category","embeddable":true,"href":"https:\/\/diadianoticias.com.br\/index.php?rest_route=%2Fwp%2Fv2%2Fcategories&post=50705"},{"taxonomy":"post_tag","embeddable":true,"href":"https:\/\/diadianoticias.com.br\/index.php?rest_route=%2Fwp%2Fv2%2Ftags&post=50705"}],"curies":[{"name":"wp","href":"https:\/\/api.w.org\/{rel}","templated":true}]}}