{"id":50602,"date":"2025-07-01T18:19:37","date_gmt":"2025-07-01T18:19:37","guid":{"rendered":"https:\/\/diadianoticias.com.br\/?p=50602"},"modified":"2025-07-01T18:19:39","modified_gmt":"2025-07-01T18:19:39","slug":"avo-e-neto-sao-encaminhados-para-a-delegacia-apos-realizarem-furto-em-comercio","status":"publish","type":"post","link":"https:\/\/diadianoticias.com.br\/?p=50602","title":{"rendered":"Av\u00f4 e neto s\u00e3o encaminhados para a delegacia, ap\u00f3s realizarem furto em com\u00e9rcio"},"content":{"rendered":"\n<p>Na manh\u00e3 desta ter\u00e7a-feira (1\u00ba), por volta das 10h20, policiais militares de Engenheiro Beltr\u00e3o realizavam o patrulhamento pela cidade, quando foi informada pela v\u00edtima, que um homem e um adolescente teriam arrombado a porta do dep\u00f3sito de sua loja e furtado alguns utens\u00edlios da Tupperware, bem como enviou fotos dos suspeitos no celular da equipe.<\/p>\n\n\n\n<p>Na sequ\u00eancia, obteve-se \u00eaxito em abordar dois suspeitos com as caracter\u00edsticas repassadas, sendo identificados como sendo um homem, de 55 anos, e seu neto, um adolescente, de 13. Ao serem indagados sobre o poss\u00edvel furto, eles confirmaram o fato e disseram que teriam deixado os referidos objetos escondidos nos fundos de uma resid\u00eancia sem morador, para buscar ao anoitecer.<\/p>\n\n\n\n<p>Ap\u00f3s a recupera\u00e7\u00e3o dos objetos furtados, o av\u00f4 recebeu voz de pris\u00e3o, e o neto, de apreens\u00e3o, e foram encaminhados, junto com os objetos recuperados, at\u00e9 a Delegacia de Pol\u00edcia Civil para as devidas provid\u00eancias.<\/p>\n\n\n\n<p>(Fonte \u2013 Pol\u00edcia Militar)<\/p>\n","protected":false},"excerpt":{"rendered":"<div class=\"mh-excerpt\"><p>Na manh\u00e3 desta ter\u00e7a-feira (1\u00ba), por volta das 10h20, policiais militares de Engenheiro Beltr\u00e3o realizavam o patrulhamento pela cidade, quando foi informada pela v\u00edtima, que um homem e um adolescente teriam arrombado a porta do <a class=\"mh-excerpt-more\" href=\"https:\/\/diadianoticias.com.br\/?p=50602\" title=\"Av\u00f4 e neto s\u00e3o encaminhados para a delegacia, ap\u00f3s realizarem furto em com\u00e9rcio\">[&#8230;]<\/a><\/p>\n<\/div>","protected":false},"author":4,"featured_media":50603,"comment_status":"open","ping_status":"open","sticky":false,"template":"","format":"standard","meta":{"footnotes":""},"categories":[32,5],"tags":[],"class_list":{"0":"post-50602","1":"post","2":"type-post","3":"status-publish","4":"format-standard","5":"has-post-thumbnail","7":"category-destaque","8":"category-policiais"},"_links":{"self":[{"href":"https:\/\/diadianoticias.com.br\/index.php?rest_route=\/wp\/v2\/posts\/50602","targetHints":{"allow":["GET"]}}],"collection":[{"href":"https:\/\/diadianoticias.com.br\/index.php?rest_route=\/wp\/v2\/posts"}],"about":[{"href":"https:\/\/diadianoticias.com.br\/index.php?rest_route=\/wp\/v2\/types\/post"}],"author":[{"embeddable":true,"href":"https:\/\/diadianoticias.com.br\/index.php?rest_route=\/wp\/v2\/users\/4"}],"replies":[{"embeddable":true,"href":"https:\/\/diadianoticias.com.br\/index.php?rest_route=%2Fwp%2Fv2%2Fcomments&post=50602"}],"version-history":[{"count":1,"href":"https:\/\/diadianoticias.com.br\/index.php?rest_route=\/wp\/v2\/posts\/50602\/revisions"}],"predecessor-version":[{"id":50604,"href":"https:\/\/diadianoticias.com.br\/index.php?rest_route=\/wp\/v2\/posts\/50602\/revisions\/50604"}],"wp:featuredmedia":[{"embeddable":true,"href":"https:\/\/diadianoticias.com.br\/index.php?rest_route=\/wp\/v2\/media\/50603"}],"wp:attachment":[{"href":"https:\/\/diadianoticias.com.br\/index.php?rest_route=%2Fwp%2Fv2%2Fmedia&parent=50602"}],"wp:term":[{"taxonomy":"category","embeddable":true,"href":"https:\/\/diadianoticias.com.br\/index.php?rest_route=%2Fwp%2Fv2%2Fcategories&post=50602"},{"taxonomy":"post_tag","embeddable":true,"href":"https:\/\/diadianoticias.com.br\/index.php?rest_route=%2Fwp%2Fv2%2Ftags&post=50602"}],"curies":[{"name":"wp","href":"https:\/\/api.w.org\/{rel}","templated":true}]}}