{"id":50436,"date":"2025-06-26T12:29:00","date_gmt":"2025-06-26T12:29:00","guid":{"rendered":"https:\/\/diadianoticias.com.br\/?p=50436"},"modified":"2025-06-26T12:29:02","modified_gmt":"2025-06-26T12:29:02","slug":"durante-abordagem-policia-ambiental-apreende-veiculo-carregado-com-produtos-sem-nota-fiscal-na-pr-323","status":"publish","type":"post","link":"https:\/\/diadianoticias.com.br\/?p=50436","title":{"rendered":"Durante abordagem, Pol\u00edcia Ambiental apreende ve\u00edculo carregado com produtos sem nota fiscal, na PR-323"},"content":{"rendered":"\n<p>Na noite dessa quarta-feira (25), uma equipe da Pol\u00edcia Militar Ambiental de Umuarama, no \u00e2mbito da Opera\u00e7\u00e3o Protetor das Fronteiras e Divisas e da Opera\u00e7\u00e3o SULMASSP, apreendeu um ve\u00edculo transportando mercadorias de origem estrangeira, sem a devida documenta\u00e7\u00e3o fiscal.<\/p>\n\n\n\n<p>A abordagem ocorreu no posto da Pol\u00edcia Rodovi\u00e1ria Estadual (PRE) em Ipor\u00e3. Durante o bloqueio de fiscaliza\u00e7\u00e3o, a equipe abordou uma caminhonete. Na vistoria, foi constatado que o ve\u00edculo estava carregado com itens variados de vestu\u00e1rios e artigos para cama, mesa e banho, introduzidos ilegalmente no territ\u00f3rio nacional, configurando o crime de descaminho.<\/p>\n\n\n\n<p>Diante os fatos, o ve\u00edculo e a carga foram encaminhados \u00e0 Delegacia da Receita Federal em Gua\u00edra, para a ado\u00e7\u00e3o das medidas legais cab\u00edveis.<\/p>\n\n\n\n<p>(Fonte \u2013 Pol\u00edcia Ambiental)<\/p>\n\n\n\n<figure class=\"wp-block-gallery has-nested-images columns-default is-cropped wp-block-gallery-1 is-layout-flex wp-block-gallery-is-layout-flex\">\n<figure class=\"wp-block-image size-large\"><a href=\"https:\/\/diadianoticias.com.br\/wp-content\/uploads\/2025\/06\/WhatsApp-Image-2025-06-25-at-23.23.45.jpeg\"><img loading=\"lazy\" decoding=\"async\" width=\"1024\" height=\"461\" data-id=\"50437\" src=\"https:\/\/diadianoticias.com.br\/wp-content\/uploads\/2025\/06\/WhatsApp-Image-2025-06-25-at-23.23.45-1024x461.jpeg\" alt=\"\" class=\"wp-image-50437\" srcset=\"https:\/\/diadianoticias.com.br\/wp-content\/uploads\/2025\/06\/WhatsApp-Image-2025-06-25-at-23.23.45-1024x461.jpeg 1024w, https:\/\/diadianoticias.com.br\/wp-content\/uploads\/2025\/06\/WhatsApp-Image-2025-06-25-at-23.23.45-300x135.jpeg 300w, https:\/\/diadianoticias.com.br\/wp-content\/uploads\/2025\/06\/WhatsApp-Image-2025-06-25-at-23.23.45-768x346.jpeg 768w, https:\/\/diadianoticias.com.br\/wp-content\/uploads\/2025\/06\/WhatsApp-Image-2025-06-25-at-23.23.45-1536x691.jpeg 1536w, https:\/\/diadianoticias.com.br\/wp-content\/uploads\/2025\/06\/WhatsApp-Image-2025-06-25-at-23.23.45.jpeg 1600w\" sizes=\"auto, (max-width: 1024px) 100vw, 1024px\" \/><\/a><\/figure>\n\n\n\n<figure class=\"wp-block-image size-large\"><a href=\"https:\/\/diadianoticias.com.br\/wp-content\/uploads\/2025\/06\/WhatsApp-Image-2025-06-25-at-23.23.45-1.jpeg\"><img loading=\"lazy\" decoding=\"async\" width=\"1024\" height=\"461\" data-id=\"50438\" src=\"https:\/\/diadianoticias.com.br\/wp-content\/uploads\/2025\/06\/WhatsApp-Image-2025-06-25-at-23.23.45-1-1024x461.jpeg\" alt=\"\" class=\"wp-image-50438\" srcset=\"https:\/\/diadianoticias.com.br\/wp-content\/uploads\/2025\/06\/WhatsApp-Image-2025-06-25-at-23.23.45-1-1024x461.jpeg 1024w, https:\/\/diadianoticias.com.br\/wp-content\/uploads\/2025\/06\/WhatsApp-Image-2025-06-25-at-23.23.45-1-300x135.jpeg 300w, https:\/\/diadianoticias.com.br\/wp-content\/uploads\/2025\/06\/WhatsApp-Image-2025-06-25-at-23.23.45-1-768x346.jpeg 768w, https:\/\/diadianoticias.com.br\/wp-content\/uploads\/2025\/06\/WhatsApp-Image-2025-06-25-at-23.23.45-1-1536x691.jpeg 1536w, https:\/\/diadianoticias.com.br\/wp-content\/uploads\/2025\/06\/WhatsApp-Image-2025-06-25-at-23.23.45-1.jpeg 1600w\" sizes=\"auto, (max-width: 1024px) 100vw, 1024px\" \/><\/a><\/figure>\n<\/figure>\n","protected":false},"excerpt":{"rendered":"<div class=\"mh-excerpt\"><p>Na noite dessa quarta-feira (25), uma equipe da Pol\u00edcia Militar Ambiental de Umuarama, no \u00e2mbito da Opera\u00e7\u00e3o Protetor das Fronteiras e Divisas e da Opera\u00e7\u00e3o SULMASSP, apreendeu um ve\u00edculo transportando mercadorias de origem estrangeira, sem <a class=\"mh-excerpt-more\" href=\"https:\/\/diadianoticias.com.br\/?p=50436\" title=\"Durante abordagem, Pol\u00edcia Ambiental apreende ve\u00edculo carregado com produtos sem nota fiscal, na PR-323\">[&#8230;]<\/a><\/p>\n<\/div>","protected":false},"author":4,"featured_media":50438,"comment_status":"open","ping_status":"open","sticky":false,"template":"","format":"standard","meta":{"footnotes":""},"categories":[32,11],"tags":[],"class_list":{"0":"post-50436","1":"post","2":"type-post","3":"status-publish","4":"format-standard","5":"has-post-thumbnail","7":"category-destaque","8":"category-diversas"},"_links":{"self":[{"href":"https:\/\/diadianoticias.com.br\/index.php?rest_route=\/wp\/v2\/posts\/50436","targetHints":{"allow":["GET"]}}],"collection":[{"href":"https:\/\/diadianoticias.com.br\/index.php?rest_route=\/wp\/v2\/posts"}],"about":[{"href":"https:\/\/diadianoticias.com.br\/index.php?rest_route=\/wp\/v2\/types\/post"}],"author":[{"embeddable":true,"href":"https:\/\/diadianoticias.com.br\/index.php?rest_route=\/wp\/v2\/users\/4"}],"replies":[{"embeddable":true,"href":"https:\/\/diadianoticias.com.br\/index.php?rest_route=%2Fwp%2Fv2%2Fcomments&post=50436"}],"version-history":[{"count":1,"href":"https:\/\/diadianoticias.com.br\/index.php?rest_route=\/wp\/v2\/posts\/50436\/revisions"}],"predecessor-version":[{"id":50439,"href":"https:\/\/diadianoticias.com.br\/index.php?rest_route=\/wp\/v2\/posts\/50436\/revisions\/50439"}],"wp:featuredmedia":[{"embeddable":true,"href":"https:\/\/diadianoticias.com.br\/index.php?rest_route=\/wp\/v2\/media\/50438"}],"wp:attachment":[{"href":"https:\/\/diadianoticias.com.br\/index.php?rest_route=%2Fwp%2Fv2%2Fmedia&parent=50436"}],"wp:term":[{"taxonomy":"category","embeddable":true,"href":"https:\/\/diadianoticias.com.br\/index.php?rest_route=%2Fwp%2Fv2%2Fcategories&post=50436"},{"taxonomy":"post_tag","embeddable":true,"href":"https:\/\/diadianoticias.com.br\/index.php?rest_route=%2Fwp%2Fv2%2Ftags&post=50436"}],"curies":[{"name":"wp","href":"https:\/\/api.w.org\/{rel}","templated":true}]}}