{"id":50233,"date":"2025-06-20T10:37:41","date_gmt":"2025-06-20T10:37:41","guid":{"rendered":"https:\/\/diadianoticias.com.br\/?p=50233"},"modified":"2025-06-20T10:37:43","modified_gmt":"2025-06-20T10:37:43","slug":"durante-abordagem-adolescente-e-apreendido-com-porcoes-de-cocaina-em-cianorte","status":"publish","type":"post","link":"https:\/\/diadianoticias.com.br\/?p=50233","title":{"rendered":"Durante abordagem, adolescente \u00e9 apreendido com por\u00e7\u00f5es de coca\u00edna, em Cianorte"},"content":{"rendered":"\n<p>Um adolescente, de 16 anos, foi apreendido pela Pol\u00edcia Militar, ap\u00f3s ser flagrado com por\u00e7\u00f5es de coca\u00edna, em Cianorte. A ocorr\u00eancia foi registrada na noite dessa quinta-feira (20), por volta das 21h, na Rua Sabi\u00e1, nos Seis Conjuntos.<\/p>\n\n\n\n<p>Segundo a PM, a equipe realizou a abordagem de jovem que, ao avistar viatura, mudou de dire\u00e7\u00e3o tentando se evadir da equipe. Em busca pessoal, foram encontradas sete por\u00e7\u00f5es de coca\u00edna, #em inv\u00f3lucros pl\u00e1sticos pesando quatro gramas.<\/p>\n\n\n\n<p>Desta forma, o garoto, de 16 anos, recebeu voz de apreens\u00e3o, sendo encaminhado, para a 21\u00aa Subdivis\u00e3o Policial para os procedimentos cab\u00edveis.<\/p>\n\n\n\n<p>Fonte &#8211; Pol\u00edcia Militar<\/p>\n","protected":false},"excerpt":{"rendered":"<div class=\"mh-excerpt\"><p>Um adolescente, de 16 anos, foi apreendido pela Pol\u00edcia Militar, ap\u00f3s ser flagrado com por\u00e7\u00f5es de coca\u00edna, em Cianorte. A ocorr\u00eancia foi registrada na noite dessa quinta-feira (20), por volta das 21h, na Rua Sabi\u00e1, <a class=\"mh-excerpt-more\" href=\"https:\/\/diadianoticias.com.br\/?p=50233\" title=\"Durante abordagem, adolescente \u00e9 apreendido com por\u00e7\u00f5es de coca\u00edna, em Cianorte\">[&#8230;]<\/a><\/p>\n<\/div>","protected":false},"author":4,"featured_media":50234,"comment_status":"open","ping_status":"open","sticky":false,"template":"","format":"standard","meta":{"footnotes":""},"categories":[32,5],"tags":[],"class_list":{"0":"post-50233","1":"post","2":"type-post","3":"status-publish","4":"format-standard","5":"has-post-thumbnail","7":"category-destaque","8":"category-policiais"},"_links":{"self":[{"href":"https:\/\/diadianoticias.com.br\/index.php?rest_route=\/wp\/v2\/posts\/50233","targetHints":{"allow":["GET"]}}],"collection":[{"href":"https:\/\/diadianoticias.com.br\/index.php?rest_route=\/wp\/v2\/posts"}],"about":[{"href":"https:\/\/diadianoticias.com.br\/index.php?rest_route=\/wp\/v2\/types\/post"}],"author":[{"embeddable":true,"href":"https:\/\/diadianoticias.com.br\/index.php?rest_route=\/wp\/v2\/users\/4"}],"replies":[{"embeddable":true,"href":"https:\/\/diadianoticias.com.br\/index.php?rest_route=%2Fwp%2Fv2%2Fcomments&post=50233"}],"version-history":[{"count":1,"href":"https:\/\/diadianoticias.com.br\/index.php?rest_route=\/wp\/v2\/posts\/50233\/revisions"}],"predecessor-version":[{"id":50235,"href":"https:\/\/diadianoticias.com.br\/index.php?rest_route=\/wp\/v2\/posts\/50233\/revisions\/50235"}],"wp:featuredmedia":[{"embeddable":true,"href":"https:\/\/diadianoticias.com.br\/index.php?rest_route=\/wp\/v2\/media\/50234"}],"wp:attachment":[{"href":"https:\/\/diadianoticias.com.br\/index.php?rest_route=%2Fwp%2Fv2%2Fmedia&parent=50233"}],"wp:term":[{"taxonomy":"category","embeddable":true,"href":"https:\/\/diadianoticias.com.br\/index.php?rest_route=%2Fwp%2Fv2%2Fcategories&post=50233"},{"taxonomy":"post_tag","embeddable":true,"href":"https:\/\/diadianoticias.com.br\/index.php?rest_route=%2Fwp%2Fv2%2Ftags&post=50233"}],"curies":[{"name":"wp","href":"https:\/\/api.w.org\/{rel}","templated":true}]}}