{"id":50205,"date":"2025-06-18T22:49:51","date_gmt":"2025-06-18T22:49:51","guid":{"rendered":"https:\/\/diadianoticias.com.br\/?p=50205"},"modified":"2025-06-18T22:49:52","modified_gmt":"2025-06-18T22:49:52","slug":"suspeito-de-furtar-fiacao-eletrica-na-praca-da-republica-homem-e-preso-apos-furtar-11kg-de-latinhas-reciclaveis-em-cianorte","status":"publish","type":"post","link":"https:\/\/diadianoticias.com.br\/?p=50205","title":{"rendered":"Suspeito de furtar fia\u00e7\u00e3o el\u00e9trica na Pra\u00e7a da Rep\u00fablica, homem \u00e9 preso ap\u00f3s furtar 11kg de latinhas recicl\u00e1veis, em Cianorte"},"content":{"rendered":"\n<p>Um homem, de 32 anos, apontado como autor do furto de fia\u00e7\u00e3o el\u00e9trica, na Pra\u00e7a da Rep\u00fablica, em Cianorte, foi preso por policiais militares, ap\u00f3s furtar sacos de latinhas recicl\u00e1veis. A pris\u00e3o ocorreu na tarde desta quarta-feira (18), por volta das 14h.<\/p>\n\n\n\n<p>Segundo a Pol\u00edcia Militar, a equipe foi acionada para dar atendimento a uma situa\u00e7\u00e3o de furto acontecido em uma resid\u00eancia na R. Juru\u00e1, na Zona 3. No local, a v\u00edtima relatou que ouviu barulhos no quintal de sua casa e, ao sair para ver o que era, avistou um homem pulando o muro com sacos de latas recicl\u00e1veis de propriedade da v\u00edtima.<\/p>\n\n\n\n<p>Em dilig\u00eancias nos arredores, os policiais lograram \u00eaxito em abordar o homem, sendo este acompanhado de uma mulher. Ao serem questionados, o casal relatou que haviam vendido as latas em um com\u00e9rcio de<br>reciclagem.<\/p>\n\n\n\n<p>Desta forma, os policiais deslocaram at\u00e9 o citado com\u00e9rcio, onde o propriet\u00e1rio confirmou que havia comprado os recicl\u00e1veis, tendo este pago o casal em dinheiro.<\/p>\n\n\n\n<p>Diante dos fatos, o homem, de 32 anos, e a mulher, de 42, receberam voz de pris\u00e3o, sendo ambos levados para a 21\u00aa Subdivis\u00e3o Policial, para as medidas cab\u00edveis.<\/p>\n\n\n\n<p>Fonte &#8211; Pol\u00edcia Militar<\/p>\n","protected":false},"excerpt":{"rendered":"<div class=\"mh-excerpt\"><p>Um homem, de 32 anos, apontado como autor do furto de fia\u00e7\u00e3o el\u00e9trica, na Pra\u00e7a da Rep\u00fablica, em Cianorte, foi preso por policiais militares, ap\u00f3s furtar sacos de latinhas recicl\u00e1veis. A pris\u00e3o ocorreu na tarde <a class=\"mh-excerpt-more\" href=\"https:\/\/diadianoticias.com.br\/?p=50205\" title=\"Suspeito de furtar fia\u00e7\u00e3o el\u00e9trica na Pra\u00e7a da Rep\u00fablica, homem \u00e9 preso ap\u00f3s furtar 11kg de latinhas recicl\u00e1veis, em Cianorte\">[&#8230;]<\/a><\/p>\n<\/div>","protected":false},"author":4,"featured_media":50206,"comment_status":"open","ping_status":"open","sticky":false,"template":"","format":"standard","meta":{"footnotes":""},"categories":[32,5],"tags":[],"class_list":{"0":"post-50205","1":"post","2":"type-post","3":"status-publish","4":"format-standard","5":"has-post-thumbnail","7":"category-destaque","8":"category-policiais"},"_links":{"self":[{"href":"https:\/\/diadianoticias.com.br\/index.php?rest_route=\/wp\/v2\/posts\/50205","targetHints":{"allow":["GET"]}}],"collection":[{"href":"https:\/\/diadianoticias.com.br\/index.php?rest_route=\/wp\/v2\/posts"}],"about":[{"href":"https:\/\/diadianoticias.com.br\/index.php?rest_route=\/wp\/v2\/types\/post"}],"author":[{"embeddable":true,"href":"https:\/\/diadianoticias.com.br\/index.php?rest_route=\/wp\/v2\/users\/4"}],"replies":[{"embeddable":true,"href":"https:\/\/diadianoticias.com.br\/index.php?rest_route=%2Fwp%2Fv2%2Fcomments&post=50205"}],"version-history":[{"count":2,"href":"https:\/\/diadianoticias.com.br\/index.php?rest_route=\/wp\/v2\/posts\/50205\/revisions"}],"predecessor-version":[{"id":50209,"href":"https:\/\/diadianoticias.com.br\/index.php?rest_route=\/wp\/v2\/posts\/50205\/revisions\/50209"}],"wp:featuredmedia":[{"embeddable":true,"href":"https:\/\/diadianoticias.com.br\/index.php?rest_route=\/wp\/v2\/media\/50206"}],"wp:attachment":[{"href":"https:\/\/diadianoticias.com.br\/index.php?rest_route=%2Fwp%2Fv2%2Fmedia&parent=50205"}],"wp:term":[{"taxonomy":"category","embeddable":true,"href":"https:\/\/diadianoticias.com.br\/index.php?rest_route=%2Fwp%2Fv2%2Fcategories&post=50205"},{"taxonomy":"post_tag","embeddable":true,"href":"https:\/\/diadianoticias.com.br\/index.php?rest_route=%2Fwp%2Fv2%2Ftags&post=50205"}],"curies":[{"name":"wp","href":"https:\/\/api.w.org\/{rel}","templated":true}]}}