{"id":49603,"date":"2025-06-04T11:23:51","date_gmt":"2025-06-04T11:23:51","guid":{"rendered":"https:\/\/diadianoticias.com.br\/?p=49603"},"modified":"2025-06-04T11:23:53","modified_gmt":"2025-06-04T11:23:53","slug":"apos-denuncia-homem-e-detido-suspeito-de-ameaca-e-por-desacato-contra-policiais-em-cianorte","status":"publish","type":"post","link":"https:\/\/diadianoticias.com.br\/?p=49603","title":{"rendered":"Ap\u00f3s den\u00fancia, homem \u00e9 detido suspeito de amea\u00e7a, e por desacato contra policiais, em Cianorte"},"content":{"rendered":"\n<p>Na tarde dessa ter\u00e7a-feira (03), por volta das 15h, policiais militares de Cianorte deslocaram at\u00e9 um bar localizado na Rua Porto Seguro, no centro de Cianorte, para dar atendimento a uma solicita\u00e7\u00e3o de amea\u00e7a.<\/p>\n\n\n\n<p>Em contato com o propriet\u00e1rio do estabelecimento, este relatou que um cliente do local estava lhe amea\u00e7ando, dizendo que estava sendo cobrado indevidamente. Em tentativa de abordagem do autor das amea\u00e7as, este resistiu a abordagem, proferindo diversas amea\u00e7as e xingamentos contra os policiais.<\/p>\n\n\n\n<p>Desta forma, o homem recebeu voz de pris\u00e3o pela amea\u00e7a contra o dono do bar e pelo desacato a equipe, vindo ele a resistir a pris\u00e3o, sendo necess\u00e1rio o uso de t\u00e9cnicas de conten\u00e7\u00e3o e algemamento.<\/p>\n\n\n\n<p>Ap\u00f3s os procedimentos no local, o homem, de 37 anos, levado \u00e0 Unidade de Pronto Atendimento (UPA), para confec\u00e7\u00e3o de laudo de les\u00e3o corporal e, posteriormente, foi apresentado na 21\u00aa Subdivis\u00e3o Policial, junto com o propriet\u00e1rio do bar, v\u00edtima da amea\u00e7a, para os procedimentos cab\u00edveis.<\/p>\n\n\n\n<p>(Fonte \u2013 Pol\u00edcia Militar)<\/p>\n","protected":false},"excerpt":{"rendered":"<div class=\"mh-excerpt\"><p>Na tarde dessa ter\u00e7a-feira (03), por volta das 15h, policiais militares de Cianorte deslocaram at\u00e9 um bar localizado na Rua Porto Seguro, no centro de Cianorte, para dar atendimento a uma solicita\u00e7\u00e3o de amea\u00e7a. Em <a class=\"mh-excerpt-more\" href=\"https:\/\/diadianoticias.com.br\/?p=49603\" title=\"Ap\u00f3s den\u00fancia, homem \u00e9 detido suspeito de amea\u00e7a, e por desacato contra policiais, em Cianorte\">[&#8230;]<\/a><\/p>\n<\/div>","protected":false},"author":4,"featured_media":48652,"comment_status":"open","ping_status":"open","sticky":false,"template":"","format":"standard","meta":{"footnotes":""},"categories":[32,5],"tags":[],"class_list":{"0":"post-49603","1":"post","2":"type-post","3":"status-publish","4":"format-standard","5":"has-post-thumbnail","7":"category-destaque","8":"category-policiais"},"_links":{"self":[{"href":"https:\/\/diadianoticias.com.br\/index.php?rest_route=\/wp\/v2\/posts\/49603","targetHints":{"allow":["GET"]}}],"collection":[{"href":"https:\/\/diadianoticias.com.br\/index.php?rest_route=\/wp\/v2\/posts"}],"about":[{"href":"https:\/\/diadianoticias.com.br\/index.php?rest_route=\/wp\/v2\/types\/post"}],"author":[{"embeddable":true,"href":"https:\/\/diadianoticias.com.br\/index.php?rest_route=\/wp\/v2\/users\/4"}],"replies":[{"embeddable":true,"href":"https:\/\/diadianoticias.com.br\/index.php?rest_route=%2Fwp%2Fv2%2Fcomments&post=49603"}],"version-history":[{"count":1,"href":"https:\/\/diadianoticias.com.br\/index.php?rest_route=\/wp\/v2\/posts\/49603\/revisions"}],"predecessor-version":[{"id":49604,"href":"https:\/\/diadianoticias.com.br\/index.php?rest_route=\/wp\/v2\/posts\/49603\/revisions\/49604"}],"wp:featuredmedia":[{"embeddable":true,"href":"https:\/\/diadianoticias.com.br\/index.php?rest_route=\/wp\/v2\/media\/48652"}],"wp:attachment":[{"href":"https:\/\/diadianoticias.com.br\/index.php?rest_route=%2Fwp%2Fv2%2Fmedia&parent=49603"}],"wp:term":[{"taxonomy":"category","embeddable":true,"href":"https:\/\/diadianoticias.com.br\/index.php?rest_route=%2Fwp%2Fv2%2Fcategories&post=49603"},{"taxonomy":"post_tag","embeddable":true,"href":"https:\/\/diadianoticias.com.br\/index.php?rest_route=%2Fwp%2Fv2%2Ftags&post=49603"}],"curies":[{"name":"wp","href":"https:\/\/api.w.org\/{rel}","templated":true}]}}