{"id":49600,"date":"2025-06-03T22:38:42","date_gmt":"2025-06-03T22:38:42","guid":{"rendered":"https:\/\/diadianoticias.com.br\/?p=49600"},"modified":"2025-06-03T22:38:44","modified_gmt":"2025-06-03T22:38:44","slug":"apos-denuncia-de-ameaca-homem-e-preso-com-faca-em-sao-tome","status":"publish","type":"post","link":"https:\/\/diadianoticias.com.br\/?p=49600","title":{"rendered":"Ap\u00f3s den\u00fancia de amea\u00e7a, homem \u00e9 preso, com faca, em S\u00e3o Tom\u00e9"},"content":{"rendered":"\n<p>Um homem, de 36 anos, foi detido por policiais militares, na tarde desta ter\u00e7a-feira (03), em S\u00e3o Tom\u00e9-PR. A pris\u00e3o ocorreu por volta das 14h10, ap\u00f3s uma den\u00fancia de amea\u00e7a.<\/p>\n\n\n\n<p>Segundo a Pol\u00edcia Militar, a equipe foi informada pelo solicitante, um homem de 27 anos, que o mesmo estaria sendo amea\u00e7ado por um indiv\u00edduo o qual estaria em uma motocicleta.<\/p>\n\n\n\n<p>Diante de tal informa\u00e7\u00e3o, foram realizadas rondas e o suspeito foi localizado na Avenida Jos\u00e9 Madureira. Sendo assim, ele foi abordado e identificado como sendo um homem, de 36 anos, o qual estava de posse de uma faca.<\/p>\n\n\n\n<p>Desta forma, o homem recebeu voz de pris\u00e3o e foi encaminhado para a 21\u00aa Subdivis\u00e3o Policial de Cianorte para as devidas provid\u00eancias.<\/p>\n\n\n\n<p>Fonte &#8211; Pol\u00edcia Militar<\/p>\n","protected":false},"excerpt":{"rendered":"<div class=\"mh-excerpt\"><p>Um homem, de 36 anos, foi detido por policiais militares, na tarde desta ter\u00e7a-feira (03), em S\u00e3o Tom\u00e9-PR. A pris\u00e3o ocorreu por volta das 14h10, ap\u00f3s uma den\u00fancia de amea\u00e7a. Segundo a Pol\u00edcia Militar, a <a class=\"mh-excerpt-more\" href=\"https:\/\/diadianoticias.com.br\/?p=49600\" title=\"Ap\u00f3s den\u00fancia de amea\u00e7a, homem \u00e9 preso, com faca, em S\u00e3o Tom\u00e9\">[&#8230;]<\/a><\/p>\n<\/div>","protected":false},"author":4,"featured_media":49601,"comment_status":"open","ping_status":"open","sticky":false,"template":"","format":"standard","meta":{"footnotes":""},"categories":[32,5],"tags":[],"class_list":{"0":"post-49600","1":"post","2":"type-post","3":"status-publish","4":"format-standard","5":"has-post-thumbnail","7":"category-destaque","8":"category-policiais"},"_links":{"self":[{"href":"https:\/\/diadianoticias.com.br\/index.php?rest_route=\/wp\/v2\/posts\/49600","targetHints":{"allow":["GET"]}}],"collection":[{"href":"https:\/\/diadianoticias.com.br\/index.php?rest_route=\/wp\/v2\/posts"}],"about":[{"href":"https:\/\/diadianoticias.com.br\/index.php?rest_route=\/wp\/v2\/types\/post"}],"author":[{"embeddable":true,"href":"https:\/\/diadianoticias.com.br\/index.php?rest_route=\/wp\/v2\/users\/4"}],"replies":[{"embeddable":true,"href":"https:\/\/diadianoticias.com.br\/index.php?rest_route=%2Fwp%2Fv2%2Fcomments&post=49600"}],"version-history":[{"count":1,"href":"https:\/\/diadianoticias.com.br\/index.php?rest_route=\/wp\/v2\/posts\/49600\/revisions"}],"predecessor-version":[{"id":49602,"href":"https:\/\/diadianoticias.com.br\/index.php?rest_route=\/wp\/v2\/posts\/49600\/revisions\/49602"}],"wp:featuredmedia":[{"embeddable":true,"href":"https:\/\/diadianoticias.com.br\/index.php?rest_route=\/wp\/v2\/media\/49601"}],"wp:attachment":[{"href":"https:\/\/diadianoticias.com.br\/index.php?rest_route=%2Fwp%2Fv2%2Fmedia&parent=49600"}],"wp:term":[{"taxonomy":"category","embeddable":true,"href":"https:\/\/diadianoticias.com.br\/index.php?rest_route=%2Fwp%2Fv2%2Fcategories&post=49600"},{"taxonomy":"post_tag","embeddable":true,"href":"https:\/\/diadianoticias.com.br\/index.php?rest_route=%2Fwp%2Fv2%2Ftags&post=49600"}],"curies":[{"name":"wp","href":"https:\/\/api.w.org\/{rel}","templated":true}]}}