{"id":49574,"date":"2025-06-03T14:32:24","date_gmt":"2025-06-03T14:32:24","guid":{"rendered":"https:\/\/diadianoticias.com.br\/?p=49574"},"modified":"2025-06-03T14:32:25","modified_gmt":"2025-06-03T14:32:25","slug":"mulher-fica-ferida-em-colisao-entre-carro-e-motoneta-na-pr-182","status":"publish","type":"post","link":"https:\/\/diadianoticias.com.br\/?p=49574","title":{"rendered":"Mulher fica ferida em colis\u00e3o entre carro e motoneta, na PR-182"},"content":{"rendered":"\n<p>Uma mulher, de 34 anos, ficou ferida ap\u00f3s uma colis\u00e3o entre um carro e uma motoneta, na rodovia PR-182, em Nova Londrina-Pr. O acidente ocorreu na manh\u00e3 dessa segunda-feira (2), por volta das 7h30, no trecho entre Nova Londrina e Ita\u00fana do Sul.<\/p>\n\n\n\n<p>Segundo a Pol\u00edcia Rodovi\u00e1ria, a motoneta Honda\/Biz 125 trafegava pela rodovia PR-182, no sentido de Nova Londrina a Ita\u00fana do Sul e, ao atingir o km 27 + 200 m, a mesma teria invadido a pista contraria, na tentativa de ultrapassagem, e teria colidido frontalmente com o ve\u00edculo GM\/Vectra, que trafegava no sentido oposto.<\/p>\n\n\n\n<p>Com o impacto, a condutora da Honda\/Biz, uma mulher de 34 anos, ficou ferida e foi socorrida pelo SAMU, sendo encaminhada ao Hospital Santa Rita de C\u00e1ssia, sendo transferida, posteriormente, para a Santa Casa de Paranava\u00ed, em virtude das gravidades dos ferimentos.<\/p>\n\n\n\n<p>Foi realizado teste do etil\u00f4metro no condutor do GM\/Vectra, tendo como resultado 0,00 mg\/l (sem vest\u00edgios de \u00e1lcool). Policiais rodovi\u00e1rios confeccionaram o boletim de ocorr\u00eancia para apurar as circunst\u00e2ncias do acidente.<\/p>\n\n\n\n<p>(Fonte \u2013 Pol\u00edcia Rodovi\u00e1ria)<\/p>\n","protected":false},"excerpt":{"rendered":"<div class=\"mh-excerpt\"><p>Uma mulher, de 34 anos, ficou ferida ap\u00f3s uma colis\u00e3o entre um carro e uma motoneta, na rodovia PR-182, em Nova Londrina-Pr. O acidente ocorreu na manh\u00e3 dessa segunda-feira (2), por volta das 7h30, no <a class=\"mh-excerpt-more\" href=\"https:\/\/diadianoticias.com.br\/?p=49574\" title=\"Mulher fica ferida em colis\u00e3o entre carro e motoneta, na PR-182\">[&#8230;]<\/a><\/p>\n<\/div>","protected":false},"author":4,"featured_media":49575,"comment_status":"open","ping_status":"open","sticky":false,"template":"","format":"standard","meta":{"footnotes":""},"categories":[32,11],"tags":[],"class_list":{"0":"post-49574","1":"post","2":"type-post","3":"status-publish","4":"format-standard","5":"has-post-thumbnail","7":"category-destaque","8":"category-diversas"},"_links":{"self":[{"href":"https:\/\/diadianoticias.com.br\/index.php?rest_route=\/wp\/v2\/posts\/49574","targetHints":{"allow":["GET"]}}],"collection":[{"href":"https:\/\/diadianoticias.com.br\/index.php?rest_route=\/wp\/v2\/posts"}],"about":[{"href":"https:\/\/diadianoticias.com.br\/index.php?rest_route=\/wp\/v2\/types\/post"}],"author":[{"embeddable":true,"href":"https:\/\/diadianoticias.com.br\/index.php?rest_route=\/wp\/v2\/users\/4"}],"replies":[{"embeddable":true,"href":"https:\/\/diadianoticias.com.br\/index.php?rest_route=%2Fwp%2Fv2%2Fcomments&post=49574"}],"version-history":[{"count":1,"href":"https:\/\/diadianoticias.com.br\/index.php?rest_route=\/wp\/v2\/posts\/49574\/revisions"}],"predecessor-version":[{"id":49576,"href":"https:\/\/diadianoticias.com.br\/index.php?rest_route=\/wp\/v2\/posts\/49574\/revisions\/49576"}],"wp:featuredmedia":[{"embeddable":true,"href":"https:\/\/diadianoticias.com.br\/index.php?rest_route=\/wp\/v2\/media\/49575"}],"wp:attachment":[{"href":"https:\/\/diadianoticias.com.br\/index.php?rest_route=%2Fwp%2Fv2%2Fmedia&parent=49574"}],"wp:term":[{"taxonomy":"category","embeddable":true,"href":"https:\/\/diadianoticias.com.br\/index.php?rest_route=%2Fwp%2Fv2%2Fcategories&post=49574"},{"taxonomy":"post_tag","embeddable":true,"href":"https:\/\/diadianoticias.com.br\/index.php?rest_route=%2Fwp%2Fv2%2Ftags&post=49574"}],"curies":[{"name":"wp","href":"https:\/\/api.w.org\/{rel}","templated":true}]}}