{"id":49549,"date":"2025-06-02T13:17:48","date_gmt":"2025-06-02T13:17:48","guid":{"rendered":"https:\/\/diadianoticias.com.br\/?p=49549"},"modified":"2025-06-02T13:19:52","modified_gmt":"2025-06-02T13:19:52","slug":"homem-morre-apos-vizinhos-ouvirem-gemidos-e-encontrar-o-morador-esfaqueado-em-residencia","status":"publish","type":"post","link":"https:\/\/diadianoticias.com.br\/?p=49549","title":{"rendered":"Homem morre, ap\u00f3s vizinhos ouvirem gemidos e encontrarem morador esfaqueado, em resid\u00eancia"},"content":{"rendered":"\n<p>Um homem, de 36 anos, morreu ap\u00f3s ser esfaqueado na perna, na noite deste domingo (1\u00ba), em Pai\u00e7andu-PR. O crime ocorreu na Rua Francisco Amaro, no Jardim Catedral.<\/p>\n\n\n\n<p>Segundo a Pol\u00edcia, vizinhos ouviram gemidos de dor vindos de uma resid\u00eancia localizada nos fundos de um terreno. Ao verificarem, encontraram a v\u00edtima ca\u00edda em um sof\u00e1 do lado de fora da casa, com um ferimento profundo na regi\u00e3o da virilha.<\/p>\n\n\n\n<p>O Servi\u00e7o de Atendimento M\u00f3vel de Urg\u00eancia (Samu) foi acionado e uma equipe com m\u00e9dico intervencionista esteve no local. Apesar dos esfor\u00e7os, o homem n\u00e3o resistiu aos ferimentos e morreu antes de ser encaminhado ao hospital.<\/p>\n\n\n\n<p>De acordo com a pol\u00edcia, a casa onde o pedreiro morava estava trancada. Ap\u00f3s o trabalho da per\u00edcia da Pol\u00edcia Cient\u00edfica, o corpo foi recolhido e encaminhado ao Instituto M\u00e9dico-Legal (IML) de Maring\u00e1.<\/p>\n\n\n\n<p>(Fonte \u2013 Plant\u00e3o Maring\u00e1)<\/p>\n\n\n\n<figure class=\"wp-block-gallery has-nested-images columns-default is-cropped wp-block-gallery-1 is-layout-flex wp-block-gallery-is-layout-flex\">\n<figure class=\"wp-block-image size-large\"><a href=\"https:\/\/diadianoticias.com.br\/wp-content\/uploads\/2025\/06\/homem-acusado-de-participar-de-dois-roubos-seguidos-de-morte-em-maringa-e-assassinado-na-noite-deste-domingo-1.jpeg\"><img loading=\"lazy\" decoding=\"async\" width=\"1024\" height=\"768\" data-id=\"49551\" src=\"https:\/\/diadianoticias.com.br\/wp-content\/uploads\/2025\/06\/homem-acusado-de-participar-de-dois-roubos-seguidos-de-morte-em-maringa-e-assassinado-na-noite-deste-domingo-1-1024x768.jpeg\" alt=\"\" class=\"wp-image-49551\" srcset=\"https:\/\/diadianoticias.com.br\/wp-content\/uploads\/2025\/06\/homem-acusado-de-participar-de-dois-roubos-seguidos-de-morte-em-maringa-e-assassinado-na-noite-deste-domingo-1-1024x768.jpeg 1024w, https:\/\/diadianoticias.com.br\/wp-content\/uploads\/2025\/06\/homem-acusado-de-participar-de-dois-roubos-seguidos-de-morte-em-maringa-e-assassinado-na-noite-deste-domingo-1-300x225.jpeg 300w, https:\/\/diadianoticias.com.br\/wp-content\/uploads\/2025\/06\/homem-acusado-de-participar-de-dois-roubos-seguidos-de-morte-em-maringa-e-assassinado-na-noite-deste-domingo-1-768x576.jpeg 768w, https:\/\/diadianoticias.com.br\/wp-content\/uploads\/2025\/06\/homem-acusado-de-participar-de-dois-roubos-seguidos-de-morte-em-maringa-e-assassinado-na-noite-deste-domingo-1-678x509.jpeg 678w, https:\/\/diadianoticias.com.br\/wp-content\/uploads\/2025\/06\/homem-acusado-de-participar-de-dois-roubos-seguidos-de-morte-em-maringa-e-assassinado-na-noite-deste-domingo-1-326x245.jpeg 326w, https:\/\/diadianoticias.com.br\/wp-content\/uploads\/2025\/06\/homem-acusado-de-participar-de-dois-roubos-seguidos-de-morte-em-maringa-e-assassinado-na-noite-deste-domingo-1-80x60.jpeg 80w, https:\/\/diadianoticias.com.br\/wp-content\/uploads\/2025\/06\/homem-acusado-de-participar-de-dois-roubos-seguidos-de-morte-em-maringa-e-assassinado-na-noite-deste-domingo-1.jpeg 1280w\" sizes=\"auto, (max-width: 1024px) 100vw, 1024px\" \/><\/a><\/figure>\n<\/figure>\n","protected":false},"excerpt":{"rendered":"<div class=\"mh-excerpt\"><p>Um homem, de 36 anos, morreu ap\u00f3s ser esfaqueado na perna, na noite deste domingo (1\u00ba), em Pai\u00e7andu-PR. O crime ocorreu na Rua Francisco Amaro, no Jardim Catedral. Segundo a Pol\u00edcia, vizinhos ouviram gemidos de <a class=\"mh-excerpt-more\" href=\"https:\/\/diadianoticias.com.br\/?p=49549\" title=\"Homem morre, ap\u00f3s vizinhos ouvirem gemidos e encontrarem morador esfaqueado, em resid\u00eancia\">[&#8230;]<\/a><\/p>\n<\/div>","protected":false},"author":4,"featured_media":49551,"comment_status":"open","ping_status":"open","sticky":false,"template":"","format":"standard","meta":{"footnotes":""},"categories":[32,5],"tags":[],"class_list":{"0":"post-49549","1":"post","2":"type-post","3":"status-publish","4":"format-standard","5":"has-post-thumbnail","7":"category-destaque","8":"category-policiais"},"_links":{"self":[{"href":"https:\/\/diadianoticias.com.br\/index.php?rest_route=\/wp\/v2\/posts\/49549","targetHints":{"allow":["GET"]}}],"collection":[{"href":"https:\/\/diadianoticias.com.br\/index.php?rest_route=\/wp\/v2\/posts"}],"about":[{"href":"https:\/\/diadianoticias.com.br\/index.php?rest_route=\/wp\/v2\/types\/post"}],"author":[{"embeddable":true,"href":"https:\/\/diadianoticias.com.br\/index.php?rest_route=\/wp\/v2\/users\/4"}],"replies":[{"embeddable":true,"href":"https:\/\/diadianoticias.com.br\/index.php?rest_route=%2Fwp%2Fv2%2Fcomments&post=49549"}],"version-history":[{"count":2,"href":"https:\/\/diadianoticias.com.br\/index.php?rest_route=\/wp\/v2\/posts\/49549\/revisions"}],"predecessor-version":[{"id":49553,"href":"https:\/\/diadianoticias.com.br\/index.php?rest_route=\/wp\/v2\/posts\/49549\/revisions\/49553"}],"wp:featuredmedia":[{"embeddable":true,"href":"https:\/\/diadianoticias.com.br\/index.php?rest_route=\/wp\/v2\/media\/49551"}],"wp:attachment":[{"href":"https:\/\/diadianoticias.com.br\/index.php?rest_route=%2Fwp%2Fv2%2Fmedia&parent=49549"}],"wp:term":[{"taxonomy":"category","embeddable":true,"href":"https:\/\/diadianoticias.com.br\/index.php?rest_route=%2Fwp%2Fv2%2Fcategories&post=49549"},{"taxonomy":"post_tag","embeddable":true,"href":"https:\/\/diadianoticias.com.br\/index.php?rest_route=%2Fwp%2Fv2%2Ftags&post=49549"}],"curies":[{"name":"wp","href":"https:\/\/api.w.org\/{rel}","templated":true}]}}