{"id":49493,"date":"2025-06-01T00:42:53","date_gmt":"2025-06-01T00:42:53","guid":{"rendered":"https:\/\/diadianoticias.com.br\/?p=49493"},"modified":"2025-06-01T00:42:54","modified_gmt":"2025-06-01T00:42:54","slug":"homem-e-flagrado-por-comerciante-e-foge-com-pacotes-de-cafe-furtados-em-cianorte","status":"publish","type":"post","link":"https:\/\/diadianoticias.com.br\/?p=49493","title":{"rendered":"Homem \u00e9 flagrado por comerciante e foge com pacotes de caf\u00e9 furtados, em Cianorte"},"content":{"rendered":"\n<p>Na tarde deste s\u00e1bado (31), volta das 14h15, uma equipe policial militar foi acionada para deslocar at\u00e9 a Avenida Goi\u00e1s, em uma situa\u00e7\u00e3o de furto.<\/p>\n\n\n\n<p>No local, a v\u00edtima, de 58 anos, relatou que estava em seu estabelecimento comercial, quando seu filho chegou e disse que um homem saiu de forma estranha e r\u00e1pida do interior do com\u00e9rcio, e que por acharem estranho esta atitude, sa\u00edram para<br>parte externa e viram ele tirando alguns pacotes de caf\u00e9 da cintura e colocando no interior de uma motoneta Honda\/Biz, de cor azul.<\/p>\n\n\n\n<p>O filho da v\u00edtima correu e ainda conseguiu tomar do indiv\u00edduo dois pacotes do produto, antes que ele se evadisse do local com a motoneta, e com outros pacotes de caf\u00e9 no compartimento interno do ve\u00edculo.<\/p>\n\n\n\n<p>De posse das caracter\u00edsticas do autor e motoneta, as equipes policiais militares, realizaram dilig\u00eancias no intuito de localiz\u00e1-lo, por\u00e9m, at\u00e9 o momento da nada foi encontrado.<\/p>\n\n\n\n<p>Fonte &#8211; Pol\u00edcia Militar<\/p>\n","protected":false},"excerpt":{"rendered":"<div class=\"mh-excerpt\"><p>Na tarde deste s\u00e1bado (31), volta das 14h15, uma equipe policial militar foi acionada para deslocar at\u00e9 a Avenida Goi\u00e1s, em uma situa\u00e7\u00e3o de furto. No local, a v\u00edtima, de 58 anos, relatou que estava <a class=\"mh-excerpt-more\" href=\"https:\/\/diadianoticias.com.br\/?p=49493\" title=\"Homem \u00e9 flagrado por comerciante e foge com pacotes de caf\u00e9 furtados, em Cianorte\">[&#8230;]<\/a><\/p>\n<\/div>","protected":false},"author":4,"featured_media":48702,"comment_status":"open","ping_status":"open","sticky":false,"template":"","format":"standard","meta":{"footnotes":""},"categories":[32,5],"tags":[],"class_list":{"0":"post-49493","1":"post","2":"type-post","3":"status-publish","4":"format-standard","5":"has-post-thumbnail","7":"category-destaque","8":"category-policiais"},"_links":{"self":[{"href":"https:\/\/diadianoticias.com.br\/index.php?rest_route=\/wp\/v2\/posts\/49493","targetHints":{"allow":["GET"]}}],"collection":[{"href":"https:\/\/diadianoticias.com.br\/index.php?rest_route=\/wp\/v2\/posts"}],"about":[{"href":"https:\/\/diadianoticias.com.br\/index.php?rest_route=\/wp\/v2\/types\/post"}],"author":[{"embeddable":true,"href":"https:\/\/diadianoticias.com.br\/index.php?rest_route=\/wp\/v2\/users\/4"}],"replies":[{"embeddable":true,"href":"https:\/\/diadianoticias.com.br\/index.php?rest_route=%2Fwp%2Fv2%2Fcomments&post=49493"}],"version-history":[{"count":1,"href":"https:\/\/diadianoticias.com.br\/index.php?rest_route=\/wp\/v2\/posts\/49493\/revisions"}],"predecessor-version":[{"id":49494,"href":"https:\/\/diadianoticias.com.br\/index.php?rest_route=\/wp\/v2\/posts\/49493\/revisions\/49494"}],"wp:featuredmedia":[{"embeddable":true,"href":"https:\/\/diadianoticias.com.br\/index.php?rest_route=\/wp\/v2\/media\/48702"}],"wp:attachment":[{"href":"https:\/\/diadianoticias.com.br\/index.php?rest_route=%2Fwp%2Fv2%2Fmedia&parent=49493"}],"wp:term":[{"taxonomy":"category","embeddable":true,"href":"https:\/\/diadianoticias.com.br\/index.php?rest_route=%2Fwp%2Fv2%2Fcategories&post=49493"},{"taxonomy":"post_tag","embeddable":true,"href":"https:\/\/diadianoticias.com.br\/index.php?rest_route=%2Fwp%2Fv2%2Ftags&post=49493"}],"curies":[{"name":"wp","href":"https:\/\/api.w.org\/{rel}","templated":true}]}}