{"id":49486,"date":"2025-05-31T17:10:46","date_gmt":"2025-05-31T17:10:46","guid":{"rendered":"https:\/\/diadianoticias.com.br\/?p=49486"},"modified":"2025-05-31T17:10:47","modified_gmt":"2025-05-31T17:10:47","slug":"mulher-e-detida-pela-policia-militar-apos-furtar-mercadorias-em-supermercados","status":"publish","type":"post","link":"https:\/\/diadianoticias.com.br\/?p=49486","title":{"rendered":"Mulher \u00e9 detida pela Pol\u00edcia Militar, ap\u00f3s furtar mercadorias em supermercados"},"content":{"rendered":"\n<p>Uma mulher, de 48 anos, foi detida por policiais militares ap\u00f3s ser flagrada com v\u00e1rios produtos furtados de um supermercado. A ocorr\u00eancia foi registrada na tarde dessa sexta-feira (30), por volta das 15h50, em Campo Mour\u00e3o.<\/p>\n\n\n\n<p>A v\u00edtima, um homem, de 31 anos, informou \u00e0 PM que uma mulher, trajando roupa preta, teria furtado algumas mercadorias do seu estabelecimento, por\u00e9m, ele teria localizado a suspeita, a qual teria devolvido a referida mercadoria e se evadido do local. Por\u00e9m, ela portava mais uma sacola cheia de mercadoria, provavelmente furtada.<\/p>\n\n\n\n<p>A equipe realizou patrulhamento e localizou a suspeita e efetuou a abordagem, sendo identificada, como uma mulher, de 48 anos. Apo ser indagada sobra os produtos, ela relatou que as demais mercadorias, que se encontravam com ela, como barras de chocolate e enlatados, teriam sido furtados em outro estabelecimento. Sendo assim, os militares entraram em contato com uma mulher, de 31 anos, respons\u00e1vel pelo com\u00e9rcio que teve os produtos furtados.<\/p>\n\n\n\n<p>Diante dos fatos, foi dado voz de pris\u00e3o a autora, sendo a mesma, junto com os produtos, encaminhada para a 16\u00aa Subdivis\u00e3o de Pol\u00edcia Civil para os procedimentos cab\u00edveis.<\/p>\n\n\n\n<p>(Fonte \u2013 Pol\u00edcia Militar)<\/p>\n","protected":false},"excerpt":{"rendered":"<div class=\"mh-excerpt\"><p>Uma mulher, de 48 anos, foi detida por policiais militares ap\u00f3s ser flagrada com v\u00e1rios produtos furtados de um supermercado. A ocorr\u00eancia foi registrada na tarde dessa sexta-feira (30), por volta das 15h50, em Campo <a class=\"mh-excerpt-more\" href=\"https:\/\/diadianoticias.com.br\/?p=49486\" title=\"Mulher \u00e9 detida pela Pol\u00edcia Militar, ap\u00f3s furtar mercadorias em supermercados\">[&#8230;]<\/a><\/p>\n<\/div>","protected":false},"author":4,"featured_media":49487,"comment_status":"open","ping_status":"open","sticky":false,"template":"","format":"standard","meta":{"footnotes":""},"categories":[32,5],"tags":[],"class_list":{"0":"post-49486","1":"post","2":"type-post","3":"status-publish","4":"format-standard","5":"has-post-thumbnail","7":"category-destaque","8":"category-policiais"},"_links":{"self":[{"href":"https:\/\/diadianoticias.com.br\/index.php?rest_route=\/wp\/v2\/posts\/49486","targetHints":{"allow":["GET"]}}],"collection":[{"href":"https:\/\/diadianoticias.com.br\/index.php?rest_route=\/wp\/v2\/posts"}],"about":[{"href":"https:\/\/diadianoticias.com.br\/index.php?rest_route=\/wp\/v2\/types\/post"}],"author":[{"embeddable":true,"href":"https:\/\/diadianoticias.com.br\/index.php?rest_route=\/wp\/v2\/users\/4"}],"replies":[{"embeddable":true,"href":"https:\/\/diadianoticias.com.br\/index.php?rest_route=%2Fwp%2Fv2%2Fcomments&post=49486"}],"version-history":[{"count":1,"href":"https:\/\/diadianoticias.com.br\/index.php?rest_route=\/wp\/v2\/posts\/49486\/revisions"}],"predecessor-version":[{"id":49488,"href":"https:\/\/diadianoticias.com.br\/index.php?rest_route=\/wp\/v2\/posts\/49486\/revisions\/49488"}],"wp:featuredmedia":[{"embeddable":true,"href":"https:\/\/diadianoticias.com.br\/index.php?rest_route=\/wp\/v2\/media\/49487"}],"wp:attachment":[{"href":"https:\/\/diadianoticias.com.br\/index.php?rest_route=%2Fwp%2Fv2%2Fmedia&parent=49486"}],"wp:term":[{"taxonomy":"category","embeddable":true,"href":"https:\/\/diadianoticias.com.br\/index.php?rest_route=%2Fwp%2Fv2%2Fcategories&post=49486"},{"taxonomy":"post_tag","embeddable":true,"href":"https:\/\/diadianoticias.com.br\/index.php?rest_route=%2Fwp%2Fv2%2Ftags&post=49486"}],"curies":[{"name":"wp","href":"https:\/\/api.w.org\/{rel}","templated":true}]}}