{"id":49474,"date":"2025-05-31T11:34:52","date_gmt":"2025-05-31T11:34:52","guid":{"rendered":"https:\/\/diadianoticias.com.br\/?p=49474"},"modified":"2025-05-31T11:34:54","modified_gmt":"2025-05-31T11:34:54","slug":"motorista-fica-ferido-em-capotamento-de-veiculo-na-pr-323","status":"publish","type":"post","link":"https:\/\/diadianoticias.com.br\/?p=49474","title":{"rendered":"Motorista fica ferido em capotamento de ve\u00edculo, na PR-323"},"content":{"rendered":"\n<p>Um homem ficou ferido ao capotar o ve\u00edculo que dirigia, na noite dessa sexta-feira (30), em Pai\u00e7andu. O acidente ocorreu na rodovia PR-323, por volta das 19h45, no trecho entre Pai\u00e7andu e o distrito de \u00c1gua Boa.<\/p>\n\n\n\n<p>Segundo a Pol\u00edcia Rodovi\u00e1ria, conforme dados colhidos no local, o ve\u00edculo VW\/Santana trafegava pela rodovia PR-323, no sentido de Pai\u00e7andu a \u00c1gua Boa e, ao atingir o KM 161, o condutor perdeu o controle da dire\u00e7\u00e3o e capotou \u00e0s margens da pista.<\/p>\n\n\n\n<p>Com o impacto, o motorista ficou ferido e foi socorrido por uma equipe do SAMU ao hospital para melhor avalia\u00e7\u00e3o m\u00e9dica. Policiais rodovi\u00e1rios confeccionaram o boletim de ocorr\u00eancia para apurar as circunst\u00e2ncias do acidente.<\/p>\n\n\n\n<p>(Fonte \u2013 Pol\u00edcia Rodovi\u00e1ria)<\/p>\n","protected":false},"excerpt":{"rendered":"<div class=\"mh-excerpt\"><p>Um homem ficou ferido ao capotar o ve\u00edculo que dirigia, na noite dessa sexta-feira (30), em Pai\u00e7andu. O acidente ocorreu na rodovia PR-323, por volta das 19h45, no trecho entre Pai\u00e7andu e o distrito de <a class=\"mh-excerpt-more\" href=\"https:\/\/diadianoticias.com.br\/?p=49474\" title=\"Motorista fica ferido em capotamento de ve\u00edculo, na PR-323\">[&#8230;]<\/a><\/p>\n<\/div>","protected":false},"author":4,"featured_media":49475,"comment_status":"open","ping_status":"open","sticky":false,"template":"","format":"standard","meta":{"footnotes":""},"categories":[32,11],"tags":[],"class_list":{"0":"post-49474","1":"post","2":"type-post","3":"status-publish","4":"format-standard","5":"has-post-thumbnail","7":"category-destaque","8":"category-diversas"},"_links":{"self":[{"href":"https:\/\/diadianoticias.com.br\/index.php?rest_route=\/wp\/v2\/posts\/49474","targetHints":{"allow":["GET"]}}],"collection":[{"href":"https:\/\/diadianoticias.com.br\/index.php?rest_route=\/wp\/v2\/posts"}],"about":[{"href":"https:\/\/diadianoticias.com.br\/index.php?rest_route=\/wp\/v2\/types\/post"}],"author":[{"embeddable":true,"href":"https:\/\/diadianoticias.com.br\/index.php?rest_route=\/wp\/v2\/users\/4"}],"replies":[{"embeddable":true,"href":"https:\/\/diadianoticias.com.br\/index.php?rest_route=%2Fwp%2Fv2%2Fcomments&post=49474"}],"version-history":[{"count":1,"href":"https:\/\/diadianoticias.com.br\/index.php?rest_route=\/wp\/v2\/posts\/49474\/revisions"}],"predecessor-version":[{"id":49476,"href":"https:\/\/diadianoticias.com.br\/index.php?rest_route=\/wp\/v2\/posts\/49474\/revisions\/49476"}],"wp:featuredmedia":[{"embeddable":true,"href":"https:\/\/diadianoticias.com.br\/index.php?rest_route=\/wp\/v2\/media\/49475"}],"wp:attachment":[{"href":"https:\/\/diadianoticias.com.br\/index.php?rest_route=%2Fwp%2Fv2%2Fmedia&parent=49474"}],"wp:term":[{"taxonomy":"category","embeddable":true,"href":"https:\/\/diadianoticias.com.br\/index.php?rest_route=%2Fwp%2Fv2%2Fcategories&post=49474"},{"taxonomy":"post_tag","embeddable":true,"href":"https:\/\/diadianoticias.com.br\/index.php?rest_route=%2Fwp%2Fv2%2Ftags&post=49474"}],"curies":[{"name":"wp","href":"https:\/\/api.w.org\/{rel}","templated":true}]}}