{"id":49445,"date":"2025-05-30T17:01:05","date_gmt":"2025-05-30T17:01:05","guid":{"rendered":"https:\/\/diadianoticias.com.br\/?p=49445"},"modified":"2025-05-30T17:01:06","modified_gmt":"2025-05-30T17:01:06","slug":"durante-abordagem-homem-e-detido-com-mandado-de-prisao-por-receptacao-em-cianorte","status":"publish","type":"post","link":"https:\/\/diadianoticias.com.br\/?p=49445","title":{"rendered":"Durante abordagem, homem \u00e9 detido com mandado de pris\u00e3o por recepta\u00e7\u00e3o, em Cianorte"},"content":{"rendered":"\n<p>Um homem, de 31 anos, foi detido por policiais militares, em Cianorte, na noite dessa quinta-feira (29). A ocorr\u00eancia foi registrada por volta das 19h15, na Rua Edu Chaves.<\/p>\n\n\n\n<p>Segundo a Pol\u00edcia Militar, a equipe, de posse do mandado de pris\u00e3o pelo artigo 180 (recepta\u00e7\u00e3o), realizou a abordagem ao homem. Em busca pessoal, nada de il\u00edcito foi encontrado.<\/p>\n\n\n\n<p>Ap\u00f3s os procedimentos no local, o homem foi conduzido at\u00e9 a Unidade de Pronto Atendimento, para a confec\u00e7\u00e3o do laudo de les\u00e3o corporal e, posteriormente, foi encaminhado ao Departamento de Pol\u00edcia Penal (DEPPEN), para as provid\u00eancias cab\u00edveis.<\/p>\n\n\n\n<p>(Fonte \u2013 Pol\u00edcia Militar)<\/p>\n","protected":false},"excerpt":{"rendered":"<div class=\"mh-excerpt\"><p>Um homem, de 31 anos, foi detido por policiais militares, em Cianorte, na noite dessa quinta-feira (29). A ocorr\u00eancia foi registrada por volta das 19h15, na Rua Edu Chaves. Segundo a Pol\u00edcia Militar, a equipe, <a class=\"mh-excerpt-more\" href=\"https:\/\/diadianoticias.com.br\/?p=49445\" title=\"Durante abordagem, homem \u00e9 detido com mandado de pris\u00e3o por recepta\u00e7\u00e3o, em Cianorte\">[&#8230;]<\/a><\/p>\n<\/div>","protected":false},"author":4,"featured_media":48609,"comment_status":"open","ping_status":"open","sticky":false,"template":"","format":"standard","meta":{"footnotes":""},"categories":[32,5],"tags":[],"class_list":{"0":"post-49445","1":"post","2":"type-post","3":"status-publish","4":"format-standard","5":"has-post-thumbnail","7":"category-destaque","8":"category-policiais"},"_links":{"self":[{"href":"https:\/\/diadianoticias.com.br\/index.php?rest_route=\/wp\/v2\/posts\/49445","targetHints":{"allow":["GET"]}}],"collection":[{"href":"https:\/\/diadianoticias.com.br\/index.php?rest_route=\/wp\/v2\/posts"}],"about":[{"href":"https:\/\/diadianoticias.com.br\/index.php?rest_route=\/wp\/v2\/types\/post"}],"author":[{"embeddable":true,"href":"https:\/\/diadianoticias.com.br\/index.php?rest_route=\/wp\/v2\/users\/4"}],"replies":[{"embeddable":true,"href":"https:\/\/diadianoticias.com.br\/index.php?rest_route=%2Fwp%2Fv2%2Fcomments&post=49445"}],"version-history":[{"count":1,"href":"https:\/\/diadianoticias.com.br\/index.php?rest_route=\/wp\/v2\/posts\/49445\/revisions"}],"predecessor-version":[{"id":49446,"href":"https:\/\/diadianoticias.com.br\/index.php?rest_route=\/wp\/v2\/posts\/49445\/revisions\/49446"}],"wp:featuredmedia":[{"embeddable":true,"href":"https:\/\/diadianoticias.com.br\/index.php?rest_route=\/wp\/v2\/media\/48609"}],"wp:attachment":[{"href":"https:\/\/diadianoticias.com.br\/index.php?rest_route=%2Fwp%2Fv2%2Fmedia&parent=49445"}],"wp:term":[{"taxonomy":"category","embeddable":true,"href":"https:\/\/diadianoticias.com.br\/index.php?rest_route=%2Fwp%2Fv2%2Fcategories&post=49445"},{"taxonomy":"post_tag","embeddable":true,"href":"https:\/\/diadianoticias.com.br\/index.php?rest_route=%2Fwp%2Fv2%2Ftags&post=49445"}],"curies":[{"name":"wp","href":"https:\/\/api.w.org\/{rel}","templated":true}]}}