{"id":49361,"date":"2025-05-28T13:00:31","date_gmt":"2025-05-28T13:00:31","guid":{"rendered":"https:\/\/diadianoticias.com.br\/?p=49361"},"modified":"2025-05-28T13:00:32","modified_gmt":"2025-05-28T13:00:32","slug":"colisao-frontal-entre-carro-e-carreta-deixa-duas-pessoas-feridas-na-pr-323","status":"publish","type":"post","link":"https:\/\/diadianoticias.com.br\/?p=49361","title":{"rendered":"Colis\u00e3o frontal entre carro e carreta deixa duas pessoas feridas, na PR-323"},"content":{"rendered":"\n<p>Uma colis\u00e3o frontal entre um carro e uma carreta deixou duas pessoas feridas, na rodovia PR-323, pr\u00f3ximo ao trevo de acesso ao distrito de Marab\u00e1, em Tuneiras do Oeste. O acidente ocorreu por volta das 19h50.<\/p>\n\n\n\n<p>Segundo a Pol\u00edcia Rodovi\u00e1ria, o ve\u00edculo GM\/Classic trafegava pela rodovia PR 323, entre Tapejara e Tuneiras do Oeste e, ao atingir o km 241 + 500m, ap\u00f3s o mesmo ter colidido com um toco, invadiu a pista contr\u00e1ria, colidindo frontalmente contra uma carreta Scania\/R 450 que tracionava um semirreboque, que trafegava no sentido oposto.<\/p>\n\n\n\n<p>Com o impacto os ocupantes do ve\u00edculo Classic ficaram feridos e foram socorridos por equipes do Corpo de Bombeiros e SAMU de Cianorte. Ap\u00f3s o atendimento no local, as v\u00edtimas foram encaminhadas para o Hospital Fundhospar de Cianorte, para melhor avalia\u00e7\u00e3o m\u00e9dica.<\/p>\n\n\n\n<p>Policiais rodovi\u00e1rios confeccionaram o boletim de ocorr\u00eancia, para apurar as circunst\u00e2ncias do acidente.<\/p>\n\n\n\n<p>(Fonte \u2013 Pol\u00edcia Rodovi\u00e1ria)<\/p>\n","protected":false},"excerpt":{"rendered":"<div class=\"mh-excerpt\"><p>Uma colis\u00e3o frontal entre um carro e uma carreta deixou duas pessoas feridas, na rodovia PR-323, pr\u00f3ximo ao trevo de acesso ao distrito de Marab\u00e1, em Tuneiras do Oeste. O acidente ocorreu por volta das <a class=\"mh-excerpt-more\" href=\"https:\/\/diadianoticias.com.br\/?p=49361\" title=\"Colis\u00e3o frontal entre carro e carreta deixa duas pessoas feridas, na PR-323\">[&#8230;]<\/a><\/p>\n<\/div>","protected":false},"author":4,"featured_media":49363,"comment_status":"open","ping_status":"open","sticky":false,"template":"","format":"standard","meta":{"footnotes":""},"categories":[32,11],"tags":[],"class_list":{"0":"post-49361","1":"post","2":"type-post","3":"status-publish","4":"format-standard","5":"has-post-thumbnail","7":"category-destaque","8":"category-diversas"},"_links":{"self":[{"href":"https:\/\/diadianoticias.com.br\/index.php?rest_route=\/wp\/v2\/posts\/49361","targetHints":{"allow":["GET"]}}],"collection":[{"href":"https:\/\/diadianoticias.com.br\/index.php?rest_route=\/wp\/v2\/posts"}],"about":[{"href":"https:\/\/diadianoticias.com.br\/index.php?rest_route=\/wp\/v2\/types\/post"}],"author":[{"embeddable":true,"href":"https:\/\/diadianoticias.com.br\/index.php?rest_route=\/wp\/v2\/users\/4"}],"replies":[{"embeddable":true,"href":"https:\/\/diadianoticias.com.br\/index.php?rest_route=%2Fwp%2Fv2%2Fcomments&post=49361"}],"version-history":[{"count":1,"href":"https:\/\/diadianoticias.com.br\/index.php?rest_route=\/wp\/v2\/posts\/49361\/revisions"}],"predecessor-version":[{"id":49364,"href":"https:\/\/diadianoticias.com.br\/index.php?rest_route=\/wp\/v2\/posts\/49361\/revisions\/49364"}],"wp:featuredmedia":[{"embeddable":true,"href":"https:\/\/diadianoticias.com.br\/index.php?rest_route=\/wp\/v2\/media\/49363"}],"wp:attachment":[{"href":"https:\/\/diadianoticias.com.br\/index.php?rest_route=%2Fwp%2Fv2%2Fmedia&parent=49361"}],"wp:term":[{"taxonomy":"category","embeddable":true,"href":"https:\/\/diadianoticias.com.br\/index.php?rest_route=%2Fwp%2Fv2%2Fcategories&post=49361"},{"taxonomy":"post_tag","embeddable":true,"href":"https:\/\/diadianoticias.com.br\/index.php?rest_route=%2Fwp%2Fv2%2Ftags&post=49361"}],"curies":[{"name":"wp","href":"https:\/\/api.w.org\/{rel}","templated":true}]}}