{"id":49355,"date":"2025-05-28T11:53:21","date_gmt":"2025-05-28T11:53:21","guid":{"rendered":"https:\/\/diadianoticias.com.br\/?p=49355"},"modified":"2025-05-28T11:53:22","modified_gmt":"2025-05-28T11:53:22","slug":"durante-abordagem-policia-rodoviaria-apreende-carga-com-quase-1-000-iphones-em-carreta","status":"publish","type":"post","link":"https:\/\/diadianoticias.com.br\/?p=49355","title":{"rendered":"Durante abordagem, Pol\u00edcia Rodovi\u00e1ria apreende carga com quase 1.000 iPhones em carreta"},"content":{"rendered":"\n<p>Uma carga com quase 1.000 aparelhos iPhones foi apreendida por policiais rodovi\u00e1rios, na noite dessa ter\u00e7a-feira (27), na rodovia PR-317, em Iguara\u00e7u. A ocorr\u00eancia foi registrada por volta das 20h, durante uma opera\u00e7\u00e3o de fiscaliza\u00e7\u00e3o.<\/p>\n\n\n\n<p>Segundo as informa\u00e7\u00f5es, a equipe policial estava em fiscaliza\u00e7\u00e3o na rodovia PR 317, em Iguara\u00e7u, abordou uma carreta que seguia de Cascavel\/PR, com sentido \u00e0 Unai\/MG. Durante as verifica\u00e7\u00f5es de praxe, foram localizadas escondidas em meio a carga l\u00edcita, algumas bolsas contendo eletr\u00f4nicos, totalizando 950 celulares iPhone, al\u00e9m de um MacBook Apple.<\/p>\n\n\n\n<p>O motorista, que alegou que n\u00e3o sabia da carga de eletr\u00f4nicos, foi detido e conduzido at\u00e9 a Delegacia da Pol\u00edcia Federal em Maring\u00e1. O ve\u00edculo e a carga, foram entregues no dep\u00f3sito da Receita Federal.<\/p>\n\n\n\n<p>(Fonte \u2013 Pol\u00edcia Rodovi\u00e1ria)<\/p>\n\n\n\n<p><\/p>\n","protected":false},"excerpt":{"rendered":"<div class=\"mh-excerpt\"><p>Uma carga com quase 1.000 aparelhos iPhones foi apreendida por policiais rodovi\u00e1rios, na noite dessa ter\u00e7a-feira (27), na rodovia PR-317, em Iguara\u00e7u. A ocorr\u00eancia foi registrada por volta das 20h, durante uma opera\u00e7\u00e3o de fiscaliza\u00e7\u00e3o. <a class=\"mh-excerpt-more\" href=\"https:\/\/diadianoticias.com.br\/?p=49355\" title=\"Durante abordagem, Pol\u00edcia Rodovi\u00e1ria apreende carga com quase 1.000 iPhones em carreta\">[&#8230;]<\/a><\/p>\n<\/div>","protected":false},"author":4,"featured_media":49356,"comment_status":"open","ping_status":"open","sticky":false,"template":"","format":"standard","meta":{"footnotes":""},"categories":[32,5],"tags":[],"class_list":{"0":"post-49355","1":"post","2":"type-post","3":"status-publish","4":"format-standard","5":"has-post-thumbnail","7":"category-destaque","8":"category-policiais"},"_links":{"self":[{"href":"https:\/\/diadianoticias.com.br\/index.php?rest_route=\/wp\/v2\/posts\/49355","targetHints":{"allow":["GET"]}}],"collection":[{"href":"https:\/\/diadianoticias.com.br\/index.php?rest_route=\/wp\/v2\/posts"}],"about":[{"href":"https:\/\/diadianoticias.com.br\/index.php?rest_route=\/wp\/v2\/types\/post"}],"author":[{"embeddable":true,"href":"https:\/\/diadianoticias.com.br\/index.php?rest_route=\/wp\/v2\/users\/4"}],"replies":[{"embeddable":true,"href":"https:\/\/diadianoticias.com.br\/index.php?rest_route=%2Fwp%2Fv2%2Fcomments&post=49355"}],"version-history":[{"count":1,"href":"https:\/\/diadianoticias.com.br\/index.php?rest_route=\/wp\/v2\/posts\/49355\/revisions"}],"predecessor-version":[{"id":49357,"href":"https:\/\/diadianoticias.com.br\/index.php?rest_route=\/wp\/v2\/posts\/49355\/revisions\/49357"}],"wp:featuredmedia":[{"embeddable":true,"href":"https:\/\/diadianoticias.com.br\/index.php?rest_route=\/wp\/v2\/media\/49356"}],"wp:attachment":[{"href":"https:\/\/diadianoticias.com.br\/index.php?rest_route=%2Fwp%2Fv2%2Fmedia&parent=49355"}],"wp:term":[{"taxonomy":"category","embeddable":true,"href":"https:\/\/diadianoticias.com.br\/index.php?rest_route=%2Fwp%2Fv2%2Fcategories&post=49355"},{"taxonomy":"post_tag","embeddable":true,"href":"https:\/\/diadianoticias.com.br\/index.php?rest_route=%2Fwp%2Fv2%2Ftags&post=49355"}],"curies":[{"name":"wp","href":"https:\/\/api.w.org\/{rel}","templated":true}]}}