{"id":49336,"date":"2025-05-27T17:44:57","date_gmt":"2025-05-27T17:44:57","guid":{"rendered":"https:\/\/diadianoticias.com.br\/?p=49336"},"modified":"2025-05-27T17:44:58","modified_gmt":"2025-05-27T17:44:58","slug":"policia-militar-prende-homem-suspeito-de-abuso-contra-duas-filhas-e-de-manter-esposa-em-carcere-privado","status":"publish","type":"post","link":"https:\/\/diadianoticias.com.br\/?p=49336","title":{"rendered":"Pol\u00edcia Militar prende homem, suspeito de abuso contra duas filhas e de manter esposa em c\u00e1rcere privado"},"content":{"rendered":"\n<p>Um homem, de 45 anos, foi detido por policiais militares segunda-feira (26), suspeito de abuso contra duas crian\u00e7as, e de manter a companheira em c\u00e1rcere privado, em Doutor Camargo-PR.<\/p>\n\n\n\n<p>A den\u00fancia foi feita por uma amiga da v\u00edtima, que acionou a PM em outra cidade. Por meio da integra\u00e7\u00e3o entre batalh\u00f5es, a informa\u00e7\u00e3o chegou ao 32\u00ba BPM, que enviou uma equipe da RPA do 2\u00ba Pelot\u00e3o, com apoio do Conselho Tutelar, at\u00e9 o endere\u00e7o indicado.<\/p>\n\n\n\n<p>No local, a mulher, inicialmente negou as acusa\u00e7\u00f5es, mas depois disse ter suspeitas de abuso sexual contra as filhas. As crian\u00e7as s\u00e3o filhas biol\u00f3gica do suspeito. O casal est\u00e1 junto h\u00e1 cerca de quatro anos. A v\u00edtima tamb\u00e9m relatou viver em c\u00e1rcere privado, impedida de manter contato com familiares e amea\u00e7ada pelo companheiro para n\u00e3o sair de casa.<\/p>\n\n\n\n<p>As crian\u00e7as foram levadas \u00e0 Unidade de Pronto Atendimento (UPA), onde passaram por avalia\u00e7\u00e3o m\u00e9dica. Exames preliminares apontaram sinais compat\u00edveis com abuso sexual, o que motivou a transfer\u00eancia das v\u00edtimas para atendimento especializado no Hospital Universit\u00e1rio de Maring\u00e1.<\/p>\n\n\n\n<p>O pai foi abordado no local ao tentar deixar o im\u00f3vel em um ve\u00edculo. Ele foi detido e conduzido \u00e0 Central de Flagrantes da 9\u00aa Subdivis\u00e3o Policial de Maring\u00e1.<\/p>\n\n\n\n<p>(Fonte \u2013 Servi\u00e7os Pai\u00e7andu)<\/p>\n","protected":false},"excerpt":{"rendered":"<div class=\"mh-excerpt\"><p>Um homem, de 45 anos, foi detido por policiais militares segunda-feira (26), suspeito de abuso contra duas crian\u00e7as, e de manter a companheira em c\u00e1rcere privado, em Doutor Camargo-PR. A den\u00fancia foi feita por uma <a class=\"mh-excerpt-more\" href=\"https:\/\/diadianoticias.com.br\/?p=49336\" title=\"Pol\u00edcia Militar prende homem, suspeito de abuso contra duas filhas e de manter esposa em c\u00e1rcere privado\">[&#8230;]<\/a><\/p>\n<\/div>","protected":false},"author":4,"featured_media":49337,"comment_status":"open","ping_status":"open","sticky":false,"template":"","format":"standard","meta":{"footnotes":""},"categories":[32,11],"tags":[],"class_list":{"0":"post-49336","1":"post","2":"type-post","3":"status-publish","4":"format-standard","5":"has-post-thumbnail","7":"category-destaque","8":"category-diversas"},"_links":{"self":[{"href":"https:\/\/diadianoticias.com.br\/index.php?rest_route=\/wp\/v2\/posts\/49336","targetHints":{"allow":["GET"]}}],"collection":[{"href":"https:\/\/diadianoticias.com.br\/index.php?rest_route=\/wp\/v2\/posts"}],"about":[{"href":"https:\/\/diadianoticias.com.br\/index.php?rest_route=\/wp\/v2\/types\/post"}],"author":[{"embeddable":true,"href":"https:\/\/diadianoticias.com.br\/index.php?rest_route=\/wp\/v2\/users\/4"}],"replies":[{"embeddable":true,"href":"https:\/\/diadianoticias.com.br\/index.php?rest_route=%2Fwp%2Fv2%2Fcomments&post=49336"}],"version-history":[{"count":1,"href":"https:\/\/diadianoticias.com.br\/index.php?rest_route=\/wp\/v2\/posts\/49336\/revisions"}],"predecessor-version":[{"id":49338,"href":"https:\/\/diadianoticias.com.br\/index.php?rest_route=\/wp\/v2\/posts\/49336\/revisions\/49338"}],"wp:featuredmedia":[{"embeddable":true,"href":"https:\/\/diadianoticias.com.br\/index.php?rest_route=\/wp\/v2\/media\/49337"}],"wp:attachment":[{"href":"https:\/\/diadianoticias.com.br\/index.php?rest_route=%2Fwp%2Fv2%2Fmedia&parent=49336"}],"wp:term":[{"taxonomy":"category","embeddable":true,"href":"https:\/\/diadianoticias.com.br\/index.php?rest_route=%2Fwp%2Fv2%2Fcategories&post=49336"},{"taxonomy":"post_tag","embeddable":true,"href":"https:\/\/diadianoticias.com.br\/index.php?rest_route=%2Fwp%2Fv2%2Ftags&post=49336"}],"curies":[{"name":"wp","href":"https:\/\/api.w.org\/{rel}","templated":true}]}}