{"id":49321,"date":"2025-05-27T15:19:25","date_gmt":"2025-05-27T15:19:25","guid":{"rendered":"https:\/\/diadianoticias.com.br\/?p=49321"},"modified":"2025-05-27T15:19:26","modified_gmt":"2025-05-27T15:19:26","slug":"motorista-e-preso-com-quase-duas-toneladas-de-maconha-escondidas-em-carga-de-papel-em-caminhao","status":"publish","type":"post","link":"https:\/\/diadianoticias.com.br\/?p=49321","title":{"rendered":"Motorista \u00e9 preso com quase duas toneladas de maconha escondidas em carga de papel, em caminh\u00e3o"},"content":{"rendered":"\n<p>A Pol\u00edcia Rodovi\u00e1ria Federal (PRF) apreendeu 1.975,8 quilos de maconha, na noite de segunda-feira (26), na rodovia BR-476, em S\u00e3o Mateus do Sul, regi\u00e3o sul do Paran\u00e1. A droga estava escondida sob uma carga de papel recicl\u00e1vel, transportada por um caminh\u00e3o que saiu de Dourados (MS), com destino a Curitiba (PR).<\/p>\n\n\n\n<p>A equipe da PRF realizava ronda quando recebeu pedido de apoio de outra unidade para abordar e fiscalizar um caminh\u00e3o, de cor vermelha, que estava estacionado em um posto de combust\u00edveis na mesma rodovia. O motorista, um homem de 46 anos, afirmou inicialmente que a carga era regular e apresentou nota fiscal com informa\u00e7\u00f5es conflitantes sobre local e data de origem. Diante das contradi\u00e7\u00f5es e do nervosismo do motorista, a equipe solicitou o deslonamento da carga, que consistiu em retirar a lona que cobria a carga transportada.<\/p>\n\n\n\n<p>Durante a verifica\u00e7\u00e3o, foram encontrados diversos pacotes pretos sobre o material recicl\u00e1vel. Ao averiguar o conte\u00fado, os policiais confirmaram tratar-se de maconha embalada com fitas adesivas e sacos de nylon. O motorista alegou desconhecer a presen\u00e7a da droga.<\/p>\n\n\n\n<p>Sendo assim, o homem foi preso em flagrante por tr\u00e1fico de drogas. Ele, junto com o entorpecente, foi encaminhado \u00e0 Delegacia da Pol\u00edcia Civil em S\u00e3o Mateus do Sul (PR).<\/p>\n\n\n\n<p>(Fonte \u2013 PRF)<\/p>\n","protected":false},"excerpt":{"rendered":"<div class=\"mh-excerpt\"><p>A Pol\u00edcia Rodovi\u00e1ria Federal (PRF) apreendeu 1.975,8 quilos de maconha, na noite de segunda-feira (26), na rodovia BR-476, em S\u00e3o Mateus do Sul, regi\u00e3o sul do Paran\u00e1. A droga estava escondida sob uma carga de <a class=\"mh-excerpt-more\" href=\"https:\/\/diadianoticias.com.br\/?p=49321\" title=\"Motorista \u00e9 preso com quase duas toneladas de maconha escondidas em carga de papel, em caminh\u00e3o\">[&#8230;]<\/a><\/p>\n<\/div>","protected":false},"author":4,"featured_media":49322,"comment_status":"open","ping_status":"open","sticky":false,"template":"","format":"standard","meta":{"footnotes":""},"categories":[32,5],"tags":[],"class_list":{"0":"post-49321","1":"post","2":"type-post","3":"status-publish","4":"format-standard","5":"has-post-thumbnail","7":"category-destaque","8":"category-policiais"},"_links":{"self":[{"href":"https:\/\/diadianoticias.com.br\/index.php?rest_route=\/wp\/v2\/posts\/49321","targetHints":{"allow":["GET"]}}],"collection":[{"href":"https:\/\/diadianoticias.com.br\/index.php?rest_route=\/wp\/v2\/posts"}],"about":[{"href":"https:\/\/diadianoticias.com.br\/index.php?rest_route=\/wp\/v2\/types\/post"}],"author":[{"embeddable":true,"href":"https:\/\/diadianoticias.com.br\/index.php?rest_route=\/wp\/v2\/users\/4"}],"replies":[{"embeddable":true,"href":"https:\/\/diadianoticias.com.br\/index.php?rest_route=%2Fwp%2Fv2%2Fcomments&post=49321"}],"version-history":[{"count":1,"href":"https:\/\/diadianoticias.com.br\/index.php?rest_route=\/wp\/v2\/posts\/49321\/revisions"}],"predecessor-version":[{"id":49323,"href":"https:\/\/diadianoticias.com.br\/index.php?rest_route=\/wp\/v2\/posts\/49321\/revisions\/49323"}],"wp:featuredmedia":[{"embeddable":true,"href":"https:\/\/diadianoticias.com.br\/index.php?rest_route=\/wp\/v2\/media\/49322"}],"wp:attachment":[{"href":"https:\/\/diadianoticias.com.br\/index.php?rest_route=%2Fwp%2Fv2%2Fmedia&parent=49321"}],"wp:term":[{"taxonomy":"category","embeddable":true,"href":"https:\/\/diadianoticias.com.br\/index.php?rest_route=%2Fwp%2Fv2%2Fcategories&post=49321"},{"taxonomy":"post_tag","embeddable":true,"href":"https:\/\/diadianoticias.com.br\/index.php?rest_route=%2Fwp%2Fv2%2Ftags&post=49321"}],"curies":[{"name":"wp","href":"https:\/\/api.w.org\/{rel}","templated":true}]}}