{"id":48909,"date":"2025-05-16T23:39:22","date_gmt":"2025-05-16T23:39:22","guid":{"rendered":"https:\/\/diadianoticias.com.br\/?p=48909"},"modified":"2025-05-16T23:39:23","modified_gmt":"2025-05-16T23:39:23","slug":"policial-militar-morre-apos-viatura-capotar-durante-perseguicao-o-motociclista-tambem-entrou-em-obito-no-local","status":"publish","type":"post","link":"https:\/\/diadianoticias.com.br\/?p=48909","title":{"rendered":"Policial militar morre ap\u00f3s viatura capotar durante persegui\u00e7\u00e3o; o motociclista tamb\u00e9m entrou em \u00f3bito no local"},"content":{"rendered":"\n<p>Uma persegui\u00e7\u00e3o policial, terminou com a morte do cabo da Pol\u00edcia Militar, Esmaile Pires da Silva, de 43 anos, e tamb\u00e9m do motociclista que furou o bloqueio policial em Almirante Tamandar\u00e9, regi\u00e3o metropolitana de Curitiba. O caso aconteceu na noite de quinta-feira, (15).<\/p>\n\n\n\n<p>O policial atuava no Batalh\u00e3o de Choque (BPChoque). A PM realizava uma opera\u00e7\u00e3o na Rua Professor Ant\u00f4nio Rodrigues Dias, um motociclista teria furado o bloqueio e empreendeu fuga. O cabo da PM estava em uma viatura da Choque, eles perseguiam o motociclista. Durante o acompanhamento, a viatura acabou batendo na motocicleta conduzida pelo suspeito, o ve\u00edculo capotou.<\/p>\n\n\n\n<p>Esmaile chegou a ser socorrido, mas acabou n\u00e3o resistindo. Um segundo policial que estava na viatura tamb\u00e9m ficou ferido e precisou ser hospitalizado. O motociclista que fugia da PM atingido pela viatura tamb\u00e9m morreu, ele acabou n\u00e3o sendo identificado.<\/p>\n\n\n\n<p>Por meio de nota, a Pol\u00edcia Militar do Estado do Paran\u00e1, lamentou o ocorrido. O acidente foi registrado por uma c\u00e2mera de seguran\u00e7a.<\/p>\n\n\n\n<p>(Fonte \u2013 Rep\u00f3rter Eduardo Vin\u00edcius)<\/p>\n\n\n\n<p><\/p>\n","protected":false},"excerpt":{"rendered":"<div class=\"mh-excerpt\"><p>Uma persegui\u00e7\u00e3o policial, terminou com a morte do cabo da Pol\u00edcia Militar, Esmaile Pires da Silva, de 43 anos, e tamb\u00e9m do motociclista que furou o bloqueio policial em Almirante Tamandar\u00e9, regi\u00e3o metropolitana de Curitiba. <a class=\"mh-excerpt-more\" href=\"https:\/\/diadianoticias.com.br\/?p=48909\" title=\"Policial militar morre ap\u00f3s viatura capotar durante persegui\u00e7\u00e3o; o motociclista tamb\u00e9m entrou em \u00f3bito no local\">[&#8230;]<\/a><\/p>\n<\/div>","protected":false},"author":4,"featured_media":48910,"comment_status":"open","ping_status":"open","sticky":false,"template":"","format":"standard","meta":{"footnotes":""},"categories":[32,11],"tags":[],"class_list":{"0":"post-48909","1":"post","2":"type-post","3":"status-publish","4":"format-standard","5":"has-post-thumbnail","7":"category-destaque","8":"category-diversas"},"_links":{"self":[{"href":"https:\/\/diadianoticias.com.br\/index.php?rest_route=\/wp\/v2\/posts\/48909","targetHints":{"allow":["GET"]}}],"collection":[{"href":"https:\/\/diadianoticias.com.br\/index.php?rest_route=\/wp\/v2\/posts"}],"about":[{"href":"https:\/\/diadianoticias.com.br\/index.php?rest_route=\/wp\/v2\/types\/post"}],"author":[{"embeddable":true,"href":"https:\/\/diadianoticias.com.br\/index.php?rest_route=\/wp\/v2\/users\/4"}],"replies":[{"embeddable":true,"href":"https:\/\/diadianoticias.com.br\/index.php?rest_route=%2Fwp%2Fv2%2Fcomments&post=48909"}],"version-history":[{"count":1,"href":"https:\/\/diadianoticias.com.br\/index.php?rest_route=\/wp\/v2\/posts\/48909\/revisions"}],"predecessor-version":[{"id":48914,"href":"https:\/\/diadianoticias.com.br\/index.php?rest_route=\/wp\/v2\/posts\/48909\/revisions\/48914"}],"wp:featuredmedia":[{"embeddable":true,"href":"https:\/\/diadianoticias.com.br\/index.php?rest_route=\/wp\/v2\/media\/48910"}],"wp:attachment":[{"href":"https:\/\/diadianoticias.com.br\/index.php?rest_route=%2Fwp%2Fv2%2Fmedia&parent=48909"}],"wp:term":[{"taxonomy":"category","embeddable":true,"href":"https:\/\/diadianoticias.com.br\/index.php?rest_route=%2Fwp%2Fv2%2Fcategories&post=48909"},{"taxonomy":"post_tag","embeddable":true,"href":"https:\/\/diadianoticias.com.br\/index.php?rest_route=%2Fwp%2Fv2%2Ftags&post=48909"}],"curies":[{"name":"wp","href":"https:\/\/api.w.org\/{rel}","templated":true}]}}