{"id":48903,"date":"2025-05-16T19:48:33","date_gmt":"2025-05-16T19:48:33","guid":{"rendered":"https:\/\/diadianoticias.com.br\/?p=48903"},"modified":"2025-05-16T19:59:03","modified_gmt":"2025-05-16T19:59:03","slug":"secretaria-de-cultura-de-cianorte-confirma-palestra-de-leandro-karnal-na-8a-flicia","status":"publish","type":"post","link":"https:\/\/diadianoticias.com.br\/?p=48903","title":{"rendered":"Secretaria de Cultura de Cianorte confirma palestra de Leandro Karnal na 8\u00aa Flicia"},"content":{"rendered":"\n<p>Desde a \u00faltima quarta-feira (14), Cianorte est\u00e1 respirando cultura, com a 8\u00aa Festa Liter\u00e1ria de Cianorte \u2013 Flicia. Com uma programa\u00e7\u00e3o inteiramente gratuita e diversificada, o evento promete encantar tanto o p\u00fablico infantojuvenil quanto o adulto, oferecendo op\u00e7\u00f5es de aprendizado e entretenimento at\u00e9 o dia 31 de maio. Um dos momentos mais esperados \u00e9 a palestra do renomado historiador e intelectual Leandro Karnal, na noite de sexta-feira (23), \u00e0s 20h, na Pra\u00e7a da Rep\u00fablica.<\/p>\n\n\n\n<p>Conhecido por suas an\u00e1lises perspicazes e sua capacidade de conectar o passado com o presente, Karnal promete trazer reflex\u00f5es importantes sobre os desafios e as transforma\u00e7\u00f5es do mundo contempor\u00e2neo, oferecendo ao p\u00fablico ferramentas para navegar em tempos de incerteza. A palestra \u201cEstrat\u00e9gias para enfrentar um mundo em ebuli\u00e7\u00e3o\u201d \u00e9 um dos pontos altos da programa\u00e7\u00e3o e deve atrair um grande p\u00fablico, \u00e1vido por conhecimento e debate.<\/p>\n\n\n\n<p>Outra atra\u00e7\u00e3o de destaque nacional \u00e9 a cantora, compositora e multi-instrumentista paulistana, Mari Merenda, que aos 24 anos viralizou nas redes sociais, conquistando mais de 160 milh\u00f5es de views e seu espa\u00e7o no universo da m\u00fasica. O show ser\u00e1 no s\u00e1bado (24), \u00e0s 21h, na Pra\u00e7a da Rep\u00fablica.<\/p>\n\n\n\n<p>Al\u00e9m das atra\u00e7\u00f5es mencionadas, a Pra\u00e7a da Rep\u00fablica tamb\u00e9m ser\u00e1 o palco de uma s\u00e9rie de atividades imperd\u00edveis. Na quinta-feira (22), a Companhia de Teatro Esk\u00e9te e Encena e a contadora de hist\u00f3rias Edna Cristina encantam o p\u00fablico em diversos hor\u00e1rios, seguidos pela m\u00fasica de Maju Caloi e a premia\u00e7\u00e3o do II Festival de Poesias da Amenorte. A sexta-feira (23) come\u00e7a com recrea\u00e7\u00e3o do Bambulel\u00ea e conta\u00e7\u00f5es de hist\u00f3rias com Lau Gallo e Gislaine Sornas durante o dia, preparando o terreno para a noite com o som da banda RockDupai e, claro, a esperada palestra de Leandro Karnal.<\/p>\n\n\n\n<p>O s\u00e1bado (24) reserva um dia cheio de atividades, com recrea\u00e7\u00e3o, oficina \u201cMulheres m\u00e1s: como somos vistas se desobedecemos\u201d, com Ludmila Castanheira; conta\u00e7\u00e3o de hist\u00f3rias no Expresso da Leitura; uma oficina pr\u00e1tica de Intelig\u00eancia Artificial para gest\u00e3o de projetos; e uma roda de conversa sobre a import\u00e2ncia do brincar para o desenvolvimento infantil. A noite ser\u00e1 marcada pelo espet\u00e1culo de dan\u00e7a &#8220;Myrtha&#8221; da Companhia Experimental de Dan\u00e7a de Maring\u00e1, no Centro Cultural, e show com Mari Merenda.<\/p>\n\n\n\n<p>A programa\u00e7\u00e3o e os links para inscri\u00e7\u00e3o nas diversas atividades est\u00e3o dispon\u00edveis na p\u00e1gina da Secretaria Municipal de Cultura (<a href=\"http:\/\/www.cianorte.pr.gov.br\/cultura\">www.cianorte.pr.gov.br\/cultura<\/a>).<\/p>\n\n\n\n<p>(Fonte \u2013 SECOM\/PMC)<\/p>\n","protected":false},"excerpt":{"rendered":"<div class=\"mh-excerpt\"><p>Desde a \u00faltima quarta-feira (14), Cianorte est\u00e1 respirando cultura, com a 8\u00aa Festa Liter\u00e1ria de Cianorte \u2013 Flicia. Com uma programa\u00e7\u00e3o inteiramente gratuita e diversificada, o evento promete encantar tanto o p\u00fablico infantojuvenil quanto o <a class=\"mh-excerpt-more\" href=\"https:\/\/diadianoticias.com.br\/?p=48903\" title=\"Secretaria de Cultura de Cianorte confirma palestra de Leandro Karnal na 8\u00aa Flicia\">[&#8230;]<\/a><\/p>\n<\/div>","protected":false},"author":4,"featured_media":48904,"comment_status":"open","ping_status":"open","sticky":false,"template":"","format":"standard","meta":{"footnotes":""},"categories":[32,11],"tags":[],"class_list":{"0":"post-48903","1":"post","2":"type-post","3":"status-publish","4":"format-standard","5":"has-post-thumbnail","7":"category-destaque","8":"category-diversas"},"_links":{"self":[{"href":"https:\/\/diadianoticias.com.br\/index.php?rest_route=\/wp\/v2\/posts\/48903","targetHints":{"allow":["GET"]}}],"collection":[{"href":"https:\/\/diadianoticias.com.br\/index.php?rest_route=\/wp\/v2\/posts"}],"about":[{"href":"https:\/\/diadianoticias.com.br\/index.php?rest_route=\/wp\/v2\/types\/post"}],"author":[{"embeddable":true,"href":"https:\/\/diadianoticias.com.br\/index.php?rest_route=\/wp\/v2\/users\/4"}],"replies":[{"embeddable":true,"href":"https:\/\/diadianoticias.com.br\/index.php?rest_route=%2Fwp%2Fv2%2Fcomments&post=48903"}],"version-history":[{"count":1,"href":"https:\/\/diadianoticias.com.br\/index.php?rest_route=\/wp\/v2\/posts\/48903\/revisions"}],"predecessor-version":[{"id":48905,"href":"https:\/\/diadianoticias.com.br\/index.php?rest_route=\/wp\/v2\/posts\/48903\/revisions\/48905"}],"wp:featuredmedia":[{"embeddable":true,"href":"https:\/\/diadianoticias.com.br\/index.php?rest_route=\/wp\/v2\/media\/48904"}],"wp:attachment":[{"href":"https:\/\/diadianoticias.com.br\/index.php?rest_route=%2Fwp%2Fv2%2Fmedia&parent=48903"}],"wp:term":[{"taxonomy":"category","embeddable":true,"href":"https:\/\/diadianoticias.com.br\/index.php?rest_route=%2Fwp%2Fv2%2Fcategories&post=48903"},{"taxonomy":"post_tag","embeddable":true,"href":"https:\/\/diadianoticias.com.br\/index.php?rest_route=%2Fwp%2Fv2%2Ftags&post=48903"}],"curies":[{"name":"wp","href":"https:\/\/api.w.org\/{rel}","templated":true}]}}