{"id":48876,"date":"2025-05-16T11:40:43","date_gmt":"2025-05-16T11:40:43","guid":{"rendered":"https:\/\/diadianoticias.com.br\/?p=48876"},"modified":"2025-05-16T19:51:21","modified_gmt":"2025-05-16T19:51:21","slug":"motociclista-morre-apos-colidir-contra-placa-de-sinalizacao-na-pr-461","status":"publish","type":"post","link":"https:\/\/diadianoticias.com.br\/?p=48876","title":{"rendered":"Motociclista morre ap\u00f3s colidir contra placa de sinaliza\u00e7\u00e3o, na PR-461"},"content":{"rendered":"\n<p>Um motociclista morreu ap\u00f3s colidir a motocicleta que pilotava contra uma placa de sinaliza\u00e7\u00e3o, na rodovia PR-461, em \u00c2ngulo-PR. O acidente ocorreu na manh\u00e3 dessa quinta-feira (15), por volta das 7h30.<\/p>\n\n\n\n<p>Segundo a Pol\u00edcia Rodovi\u00e1ria, a motocicleta Honda CG 125 Fan KS seguia pela rodovia PR-461, no sentido de \u00c2ngulo a Fl\u00f3rida, quando no KM 31 + 800 metros, ap\u00f3s uma curva, o piloto veio a sair da pista, chocando-se contra uma placa de sinaliza\u00e7\u00e3o existente e caindo da motocicleta.<\/p>\n\n\n\n<p>Com o impacto, o motociclista n\u00e3o resistiu aos ferimentos e acabou entrando em \u00f3bito no local. Equipes de Socorro foram acionadas, mas nada puderam fazer para salvar a vida do condutor. A Pol\u00edcia Cient\u00edfica e o IML estiveram no local e, ap\u00f3s os procedimentos, encaminharam o corpo para exames.<\/p>\n\n\n\n<p>(Fonte \u2013 Pol\u00edcia Rodovi\u00e1ria)<\/p>\n\n\n\n<figure class=\"wp-block-image size-large\"><a href=\"https:\/\/diadianoticias.com.br\/wp-content\/uploads\/2025\/05\/WhatsApp-Image-2025-05-16-at-06.30.37.jpeg\"><img loading=\"lazy\" decoding=\"async\" width=\"1024\" height=\"768\" src=\"https:\/\/diadianoticias.com.br\/wp-content\/uploads\/2025\/05\/WhatsApp-Image-2025-05-16-at-06.30.37-1024x768.jpeg\" alt=\"\" class=\"wp-image-48877\" srcset=\"https:\/\/diadianoticias.com.br\/wp-content\/uploads\/2025\/05\/WhatsApp-Image-2025-05-16-at-06.30.37-1024x768.jpeg 1024w, https:\/\/diadianoticias.com.br\/wp-content\/uploads\/2025\/05\/WhatsApp-Image-2025-05-16-at-06.30.37-300x225.jpeg 300w, https:\/\/diadianoticias.com.br\/wp-content\/uploads\/2025\/05\/WhatsApp-Image-2025-05-16-at-06.30.37-768x576.jpeg 768w, https:\/\/diadianoticias.com.br\/wp-content\/uploads\/2025\/05\/WhatsApp-Image-2025-05-16-at-06.30.37-1536x1152.jpeg 1536w, https:\/\/diadianoticias.com.br\/wp-content\/uploads\/2025\/05\/WhatsApp-Image-2025-05-16-at-06.30.37-678x509.jpeg 678w, https:\/\/diadianoticias.com.br\/wp-content\/uploads\/2025\/05\/WhatsApp-Image-2025-05-16-at-06.30.37-326x245.jpeg 326w, https:\/\/diadianoticias.com.br\/wp-content\/uploads\/2025\/05\/WhatsApp-Image-2025-05-16-at-06.30.37-80x60.jpeg 80w, https:\/\/diadianoticias.com.br\/wp-content\/uploads\/2025\/05\/WhatsApp-Image-2025-05-16-at-06.30.37.jpeg 1600w\" sizes=\"auto, (max-width: 1024px) 100vw, 1024px\" \/><\/a><\/figure>\n","protected":false},"excerpt":{"rendered":"<div class=\"mh-excerpt\"><p>Um motociclista morreu ap\u00f3s colidir a motocicleta que pilotava contra uma placa de sinaliza\u00e7\u00e3o, na rodovia PR-461, em \u00c2ngulo-PR. O acidente ocorreu na manh\u00e3 dessa quinta-feira (15), por volta das 7h30. Segundo a Pol\u00edcia Rodovi\u00e1ria, <a class=\"mh-excerpt-more\" href=\"https:\/\/diadianoticias.com.br\/?p=48876\" title=\"Motociclista morre ap\u00f3s colidir contra placa de sinaliza\u00e7\u00e3o, na PR-461\">[&#8230;]<\/a><\/p>\n<\/div>","protected":false},"author":4,"featured_media":48877,"comment_status":"open","ping_status":"open","sticky":false,"template":"","format":"standard","meta":{"footnotes":""},"categories":[11],"tags":[],"class_list":{"0":"post-48876","1":"post","2":"type-post","3":"status-publish","4":"format-standard","5":"has-post-thumbnail","7":"category-diversas"},"_links":{"self":[{"href":"https:\/\/diadianoticias.com.br\/index.php?rest_route=\/wp\/v2\/posts\/48876","targetHints":{"allow":["GET"]}}],"collection":[{"href":"https:\/\/diadianoticias.com.br\/index.php?rest_route=\/wp\/v2\/posts"}],"about":[{"href":"https:\/\/diadianoticias.com.br\/index.php?rest_route=\/wp\/v2\/types\/post"}],"author":[{"embeddable":true,"href":"https:\/\/diadianoticias.com.br\/index.php?rest_route=\/wp\/v2\/users\/4"}],"replies":[{"embeddable":true,"href":"https:\/\/diadianoticias.com.br\/index.php?rest_route=%2Fwp%2Fv2%2Fcomments&post=48876"}],"version-history":[{"count":1,"href":"https:\/\/diadianoticias.com.br\/index.php?rest_route=\/wp\/v2\/posts\/48876\/revisions"}],"predecessor-version":[{"id":48878,"href":"https:\/\/diadianoticias.com.br\/index.php?rest_route=\/wp\/v2\/posts\/48876\/revisions\/48878"}],"wp:featuredmedia":[{"embeddable":true,"href":"https:\/\/diadianoticias.com.br\/index.php?rest_route=\/wp\/v2\/media\/48877"}],"wp:attachment":[{"href":"https:\/\/diadianoticias.com.br\/index.php?rest_route=%2Fwp%2Fv2%2Fmedia&parent=48876"}],"wp:term":[{"taxonomy":"category","embeddable":true,"href":"https:\/\/diadianoticias.com.br\/index.php?rest_route=%2Fwp%2Fv2%2Fcategories&post=48876"},{"taxonomy":"post_tag","embeddable":true,"href":"https:\/\/diadianoticias.com.br\/index.php?rest_route=%2Fwp%2Fv2%2Ftags&post=48876"}],"curies":[{"name":"wp","href":"https:\/\/api.w.org\/{rel}","templated":true}]}}