{"id":48859,"date":"2025-05-15T23:13:30","date_gmt":"2025-05-15T23:13:30","guid":{"rendered":"https:\/\/diadianoticias.com.br\/?p=48859"},"modified":"2025-05-15T23:13:31","modified_gmt":"2025-05-15T23:13:31","slug":"policia-civil-apreende-arma-e-municoes-durante-cumprimento-de-mandado-de-busca-e-apreensao-em-residencia","status":"publish","type":"post","link":"https:\/\/diadianoticias.com.br\/?p=48859","title":{"rendered":"Pol\u00edcia Civil apreende arma e muni\u00e7\u00f5es durante cumprimento de mandado de busca e apreens\u00e3o em resid\u00eancia"},"content":{"rendered":"\n<p><\/p>\n\n\n\n<p>Na tarde desta quinta-feira (15), a Pol\u00edcia Civil do Paran\u00e1, por meio da Delegacia de P\u00e9rola e com apoio da Pol\u00edcia Militar, cumpriu um mandado de busca e apreens\u00e3o expedido pela Vara Criminal da Comarca, contra um homem de 32 anos.<\/p>\n\n\n\n<p>A a\u00e7\u00e3o \u00e9 resultado de uma investiga\u00e7\u00e3o sobre um furto qualificado ocorrido no dia 5 de maio, na zona rural do munic\u00edpio. Ap\u00f3s dilig\u00eancias, a autoridade policial representou pela busca com o objetivo de localizar os objetos furtados e coletar elementos que pudessem auxiliar no esclarecimento do caso.<\/p>\n\n\n\n<p>Durante o cumprimento do mandado na resid\u00eancia do suspeito, foram apreendidos um rev\u00f3lver calibre .38, diversas muni\u00e7\u00f5es de calibres variados, e outros itens. No momento da a\u00e7\u00e3o, ningu\u00e9m foi encontrado no im\u00f3vel.<\/p>\n\n\n\n<p>Todo o material apreendido ser\u00e1 encaminhado \u00e0 Pol\u00edcia Cient\u00edfica para os exames periciais. As investiga\u00e7\u00f5es seguem sob responsabilidade da Delegacia de Pol\u00edcia de P\u00e9rola.<\/p>\n\n\n\n<p>(Fonte \u2013 Umuarama News)<\/p>\n\n\n\n<p><\/p>\n","protected":false},"excerpt":{"rendered":"<div class=\"mh-excerpt\"><p>Na tarde desta quinta-feira (15), a Pol\u00edcia Civil do Paran\u00e1, por meio da Delegacia de P\u00e9rola e com apoio da Pol\u00edcia Militar, cumpriu um mandado de busca e apreens\u00e3o expedido pela Vara Criminal da Comarca, <a class=\"mh-excerpt-more\" href=\"https:\/\/diadianoticias.com.br\/?p=48859\" title=\"Pol\u00edcia Civil apreende arma e muni\u00e7\u00f5es durante cumprimento de mandado de busca e apreens\u00e3o em resid\u00eancia\">[&#8230;]<\/a><\/p>\n<\/div>","protected":false},"author":4,"featured_media":48861,"comment_status":"open","ping_status":"open","sticky":false,"template":"","format":"standard","meta":{"footnotes":""},"categories":[5],"tags":[],"class_list":{"0":"post-48859","1":"post","2":"type-post","3":"status-publish","4":"format-standard","5":"has-post-thumbnail","7":"category-policiais"},"_links":{"self":[{"href":"https:\/\/diadianoticias.com.br\/index.php?rest_route=\/wp\/v2\/posts\/48859","targetHints":{"allow":["GET"]}}],"collection":[{"href":"https:\/\/diadianoticias.com.br\/index.php?rest_route=\/wp\/v2\/posts"}],"about":[{"href":"https:\/\/diadianoticias.com.br\/index.php?rest_route=\/wp\/v2\/types\/post"}],"author":[{"embeddable":true,"href":"https:\/\/diadianoticias.com.br\/index.php?rest_route=\/wp\/v2\/users\/4"}],"replies":[{"embeddable":true,"href":"https:\/\/diadianoticias.com.br\/index.php?rest_route=%2Fwp%2Fv2%2Fcomments&post=48859"}],"version-history":[{"count":1,"href":"https:\/\/diadianoticias.com.br\/index.php?rest_route=\/wp\/v2\/posts\/48859\/revisions"}],"predecessor-version":[{"id":48862,"href":"https:\/\/diadianoticias.com.br\/index.php?rest_route=\/wp\/v2\/posts\/48859\/revisions\/48862"}],"wp:featuredmedia":[{"embeddable":true,"href":"https:\/\/diadianoticias.com.br\/index.php?rest_route=\/wp\/v2\/media\/48861"}],"wp:attachment":[{"href":"https:\/\/diadianoticias.com.br\/index.php?rest_route=%2Fwp%2Fv2%2Fmedia&parent=48859"}],"wp:term":[{"taxonomy":"category","embeddable":true,"href":"https:\/\/diadianoticias.com.br\/index.php?rest_route=%2Fwp%2Fv2%2Fcategories&post=48859"},{"taxonomy":"post_tag","embeddable":true,"href":"https:\/\/diadianoticias.com.br\/index.php?rest_route=%2Fwp%2Fv2%2Ftags&post=48859"}],"curies":[{"name":"wp","href":"https:\/\/api.w.org\/{rel}","templated":true}]}}