{"id":48648,"date":"2024-03-05T17:16:50","date_gmt":"2024-03-05T17:16:50","guid":{"rendered":"https:\/\/diadianoticias.com.br\/?p=48648"},"modified":"2024-03-05T17:16:51","modified_gmt":"2024-03-05T17:16:51","slug":"procurado-por-roubo-no-mato-grosso-e-preso-em-cianorte-apos-denuncia-de-ameaca","status":"publish","type":"post","link":"https:\/\/diadianoticias.com.br\/?p=48648","title":{"rendered":"PROCURADO POR ROUBO NO MATO GROSSO, \u00c9 PRESO EM CIANORTE AP\u00d3S DEN\u00daNCIA DE AMEA\u00c7A"},"content":{"rendered":"\n<p>Um homem, procurado por roubo no Mato Grosso, foi preso ap\u00f3s den\u00fancia de amea\u00e7a, em Cianorte. O caso foi registrado na noite dessa segunda-feira (04), por volta das 20h30, no Conjunto Aquiles Comar.<\/p>\n\n\n\n<p>Segundo as informa\u00e7\u00f5es, uma equipe policial deslocou at\u00e9 o residencial Aquiles C\u00f4mar, para dar atendimento a uma mulher de 37 anos, que estando abrigada na casa de uma amiga. No local, ela disse que se sentia amea\u00e7ada pelo atual marido, tendo em vista que o mesmo chegou em sua resid\u00eancia \u201cb\u00eabado\u201d, e apresentava-se violento.<\/p>\n\n\n\n<p>A equipe estava deslocando at\u00e9 o endere\u00e7o do casal nas proximidades do atendimento, quando visualizou o suspeito que estava indo de encontro a mulher. Os policiais deram voz de abordagem e, em busca pessoal, foi localizado com ele uma faca tipo de cozinha com l\u00e2mina de 20cm.<\/p>\n\n\n\n<p>Em consulta ao sistema policial, a equipe constatou que havia em seu desfavor um mandado de pris\u00e3o expedido pelo Estado do Mato Grosso pelo artigo 157 (roubo). Diante dos fatos, o homem, de 36 anos, recebeu voz de pris\u00e3o e foi encaminhado para a Delegacia de Pol\u00edcia para as medidas cab\u00edveis.<\/p>\n\n\n\n<p>(Fonte \u2013 Pol\u00edcia Militar)<\/p>\n","protected":false},"excerpt":{"rendered":"<div class=\"mh-excerpt\"><p>Um homem, procurado por roubo no Mato Grosso, foi preso ap\u00f3s den\u00fancia de amea\u00e7a, em Cianorte. O caso foi registrado na noite dessa segunda-feira (04), por volta das 20h30, no Conjunto Aquiles Comar. Segundo as <a class=\"mh-excerpt-more\" href=\"https:\/\/diadianoticias.com.br\/?p=48648\" title=\"PROCURADO POR ROUBO NO MATO GROSSO, \u00c9 PRESO EM CIANORTE AP\u00d3S DEN\u00daNCIA DE AMEA\u00c7A\">[&#8230;]<\/a><\/p>\n<\/div>","protected":false},"author":4,"featured_media":48649,"comment_status":"open","ping_status":"open","sticky":false,"template":"","format":"standard","meta":{"footnotes":""},"categories":[32,5],"tags":[],"class_list":{"0":"post-48648","1":"post","2":"type-post","3":"status-publish","4":"format-standard","5":"has-post-thumbnail","7":"category-destaque","8":"category-policiais"},"_links":{"self":[{"href":"https:\/\/diadianoticias.com.br\/index.php?rest_route=\/wp\/v2\/posts\/48648","targetHints":{"allow":["GET"]}}],"collection":[{"href":"https:\/\/diadianoticias.com.br\/index.php?rest_route=\/wp\/v2\/posts"}],"about":[{"href":"https:\/\/diadianoticias.com.br\/index.php?rest_route=\/wp\/v2\/types\/post"}],"author":[{"embeddable":true,"href":"https:\/\/diadianoticias.com.br\/index.php?rest_route=\/wp\/v2\/users\/4"}],"replies":[{"embeddable":true,"href":"https:\/\/diadianoticias.com.br\/index.php?rest_route=%2Fwp%2Fv2%2Fcomments&post=48648"}],"version-history":[{"count":1,"href":"https:\/\/diadianoticias.com.br\/index.php?rest_route=\/wp\/v2\/posts\/48648\/revisions"}],"predecessor-version":[{"id":48650,"href":"https:\/\/diadianoticias.com.br\/index.php?rest_route=\/wp\/v2\/posts\/48648\/revisions\/48650"}],"wp:featuredmedia":[{"embeddable":true,"href":"https:\/\/diadianoticias.com.br\/index.php?rest_route=\/wp\/v2\/media\/48649"}],"wp:attachment":[{"href":"https:\/\/diadianoticias.com.br\/index.php?rest_route=%2Fwp%2Fv2%2Fmedia&parent=48648"}],"wp:term":[{"taxonomy":"category","embeddable":true,"href":"https:\/\/diadianoticias.com.br\/index.php?rest_route=%2Fwp%2Fv2%2Fcategories&post=48648"},{"taxonomy":"post_tag","embeddable":true,"href":"https:\/\/diadianoticias.com.br\/index.php?rest_route=%2Fwp%2Fv2%2Ftags&post=48648"}],"curies":[{"name":"wp","href":"https:\/\/api.w.org\/{rel}","templated":true}]}}