{"id":48641,"date":"2024-03-01T13:16:47","date_gmt":"2024-03-01T13:16:47","guid":{"rendered":"https:\/\/diadianoticias.com.br\/?p=48641"},"modified":"2024-03-01T13:16:48","modified_gmt":"2024-03-01T13:16:48","slug":"apos-abordagem-adolescente-e-apreendido-com-porcoes-de-cocaina-em-cianorte","status":"publish","type":"post","link":"https:\/\/diadianoticias.com.br\/?p=48641","title":{"rendered":"AP\u00d3S ABORDAGEM, ADOLESCENTE \u00c9 APREENDIDO COM POR\u00c7\u00d5ES DE COCA\u00cdNA, EM CIANORTE"},"content":{"rendered":"\n<p>Um adolescente, de 17 anos, foi apreendido por policiais militares, no final da noite dessa quinta-feira (29). A apreens\u00e3o aconteceu, por volta das 23h, na Rua Coroados, em Cianorte. Ele foi flagrado com por\u00e7\u00f5es de coca\u00edna.<\/p>\n\n\n\n<p>Segundo as informa\u00e7\u00f5es, a equipe policial realiza patrulhamento pela referida via, quando abordou o adolescente. Em busca pessoal, foi encontrado no bolso do seu shorts, uma sacola com 10 por\u00e7\u00f5es de coca\u00edna, que totalizou o peso de 4g.<\/p>\n\n\n\n<p>Sendo assim, o adolescente recebeu voz de apreens\u00e3o e foi encaminhado, junto com a droga e o celular, para a Delegacia de Pol\u00edcia, para as medidas cab\u00edveis.<\/p>\n\n\n\n<p>(Fonte \u2013 Pol\u00edcia Militar)<\/p>\n","protected":false},"excerpt":{"rendered":"<div class=\"mh-excerpt\"><p>Um adolescente, de 17 anos, foi apreendido por policiais militares, no final da noite dessa quinta-feira (29). A apreens\u00e3o aconteceu, por volta das 23h, na Rua Coroados, em Cianorte. Ele foi flagrado com por\u00e7\u00f5es de <a class=\"mh-excerpt-more\" href=\"https:\/\/diadianoticias.com.br\/?p=48641\" title=\"AP\u00d3S ABORDAGEM, ADOLESCENTE \u00c9 APREENDIDO COM POR\u00c7\u00d5ES DE COCA\u00cdNA, EM CIANORTE\">[&#8230;]<\/a><\/p>\n<\/div>","protected":false},"author":4,"featured_media":48642,"comment_status":"open","ping_status":"open","sticky":false,"template":"","format":"standard","meta":{"footnotes":""},"categories":[32,5],"tags":[],"class_list":{"0":"post-48641","1":"post","2":"type-post","3":"status-publish","4":"format-standard","5":"has-post-thumbnail","7":"category-destaque","8":"category-policiais"},"_links":{"self":[{"href":"https:\/\/diadianoticias.com.br\/index.php?rest_route=\/wp\/v2\/posts\/48641","targetHints":{"allow":["GET"]}}],"collection":[{"href":"https:\/\/diadianoticias.com.br\/index.php?rest_route=\/wp\/v2\/posts"}],"about":[{"href":"https:\/\/diadianoticias.com.br\/index.php?rest_route=\/wp\/v2\/types\/post"}],"author":[{"embeddable":true,"href":"https:\/\/diadianoticias.com.br\/index.php?rest_route=\/wp\/v2\/users\/4"}],"replies":[{"embeddable":true,"href":"https:\/\/diadianoticias.com.br\/index.php?rest_route=%2Fwp%2Fv2%2Fcomments&post=48641"}],"version-history":[{"count":1,"href":"https:\/\/diadianoticias.com.br\/index.php?rest_route=\/wp\/v2\/posts\/48641\/revisions"}],"predecessor-version":[{"id":48643,"href":"https:\/\/diadianoticias.com.br\/index.php?rest_route=\/wp\/v2\/posts\/48641\/revisions\/48643"}],"wp:featuredmedia":[{"embeddable":true,"href":"https:\/\/diadianoticias.com.br\/index.php?rest_route=\/wp\/v2\/media\/48642"}],"wp:attachment":[{"href":"https:\/\/diadianoticias.com.br\/index.php?rest_route=%2Fwp%2Fv2%2Fmedia&parent=48641"}],"wp:term":[{"taxonomy":"category","embeddable":true,"href":"https:\/\/diadianoticias.com.br\/index.php?rest_route=%2Fwp%2Fv2%2Fcategories&post=48641"},{"taxonomy":"post_tag","embeddable":true,"href":"https:\/\/diadianoticias.com.br\/index.php?rest_route=%2Fwp%2Fv2%2Ftags&post=48641"}],"curies":[{"name":"wp","href":"https:\/\/api.w.org\/{rel}","templated":true}]}}