{"id":48638,"date":"2024-03-01T13:10:49","date_gmt":"2024-03-01T13:10:49","guid":{"rendered":"https:\/\/diadianoticias.com.br\/?p=48638"},"modified":"2024-03-01T13:10:51","modified_gmt":"2024-03-01T13:10:51","slug":"procurado-por-homicidio-motociclista-e-preso-com-moto-adulterada","status":"publish","type":"post","link":"https:\/\/diadianoticias.com.br\/?p=48638","title":{"rendered":"PROCURADO POR HOMIC\u00cdDIO, MOTOCICLISTA \u00c9 PRESO COM MOTO ADULTERADA"},"content":{"rendered":"\n<p>Na tarde dessa quinta-feira (29), por volta das 16h45, uma equipe policial militar estava em patrulhamento, em Goioer\u00ea, quando avistou um rapaz conduzindo uma motocicleta, que ao visualizar a presen\u00e7a da viatura policial demonstrou nervosismo. Foi dado voz de parada utilizando sinais sonoros e luminosos, n\u00e3o sendo acatada pelo condutor que empreendeu fuga.<br>Ap\u00f3s um tempo de acompanhamento, o condutor jogou a motocicleta no ch\u00e3o e empreendeu fuga a p\u00e9, mas a equipe conseguiu conte-lo. Durante a busca pessoal, foi localizado 2 gramas de maconha. O indiv\u00edduo n\u00e3o possuia CNH e nem RG do Paran\u00e1. A motocicleta, uma Honda\/CBX 250, de cor vermelha, com placa sem lacre, e o chassi apresentava sinais de adultera\u00e7\u00e3o.<\/p>\n\n\n\n<p>Ao ser indagado, ele relatou que comprou a motocicleta e mandou fazer a placa de forma ilegal. Diante dos fatos, a equipe deu voz de pris\u00e3o para o indiv\u00edduo, sendo encaminhado junto com a motocicleta e a droga para a Delegacia de Goioer\u00ea para os procedimentos necess\u00e1rios. Na delegacia foi constatado que o rapaz, de 18 anos, tamb\u00e9m possu\u00eda em seu desfavor, um mandado de pris\u00e3o expedido pela Comarca de Campo Mour\u00e3o, por homic\u00eddio.<\/p>\n\n\n\n<p>(Fonte \u2013 Pol\u00edcia Militar)<\/p>\n","protected":false},"excerpt":{"rendered":"<div class=\"mh-excerpt\"><p>Na tarde dessa quinta-feira (29), por volta das 16h45, uma equipe policial militar estava em patrulhamento, em Goioer\u00ea, quando avistou um rapaz conduzindo uma motocicleta, que ao visualizar a presen\u00e7a da viatura policial demonstrou nervosismo. <a class=\"mh-excerpt-more\" href=\"https:\/\/diadianoticias.com.br\/?p=48638\" title=\"PROCURADO POR HOMIC\u00cdDIO, MOTOCICLISTA \u00c9 PRESO COM MOTO ADULTERADA\">[&#8230;]<\/a><\/p>\n<\/div>","protected":false},"author":4,"featured_media":48639,"comment_status":"open","ping_status":"open","sticky":false,"template":"","format":"standard","meta":{"footnotes":""},"categories":[32,5],"tags":[],"class_list":{"0":"post-48638","1":"post","2":"type-post","3":"status-publish","4":"format-standard","5":"has-post-thumbnail","7":"category-destaque","8":"category-policiais"},"_links":{"self":[{"href":"https:\/\/diadianoticias.com.br\/index.php?rest_route=\/wp\/v2\/posts\/48638","targetHints":{"allow":["GET"]}}],"collection":[{"href":"https:\/\/diadianoticias.com.br\/index.php?rest_route=\/wp\/v2\/posts"}],"about":[{"href":"https:\/\/diadianoticias.com.br\/index.php?rest_route=\/wp\/v2\/types\/post"}],"author":[{"embeddable":true,"href":"https:\/\/diadianoticias.com.br\/index.php?rest_route=\/wp\/v2\/users\/4"}],"replies":[{"embeddable":true,"href":"https:\/\/diadianoticias.com.br\/index.php?rest_route=%2Fwp%2Fv2%2Fcomments&post=48638"}],"version-history":[{"count":1,"href":"https:\/\/diadianoticias.com.br\/index.php?rest_route=\/wp\/v2\/posts\/48638\/revisions"}],"predecessor-version":[{"id":48640,"href":"https:\/\/diadianoticias.com.br\/index.php?rest_route=\/wp\/v2\/posts\/48638\/revisions\/48640"}],"wp:featuredmedia":[{"embeddable":true,"href":"https:\/\/diadianoticias.com.br\/index.php?rest_route=\/wp\/v2\/media\/48639"}],"wp:attachment":[{"href":"https:\/\/diadianoticias.com.br\/index.php?rest_route=%2Fwp%2Fv2%2Fmedia&parent=48638"}],"wp:term":[{"taxonomy":"category","embeddable":true,"href":"https:\/\/diadianoticias.com.br\/index.php?rest_route=%2Fwp%2Fv2%2Fcategories&post=48638"},{"taxonomy":"post_tag","embeddable":true,"href":"https:\/\/diadianoticias.com.br\/index.php?rest_route=%2Fwp%2Fv2%2Ftags&post=48638"}],"curies":[{"name":"wp","href":"https:\/\/api.w.org\/{rel}","templated":true}]}}